{"id":21725,"date":"2020-11-25T12:04:40","date_gmt":"2020-11-25T11:04:40","guid":{"rendered":"https:\/\/guineechrono.com\/?p=21725"},"modified":"2020-11-25T12:04:40","modified_gmt":"2020-11-25T11:04:40","slug":"guinee-le-chef-detat-major-de-larmee-de-mer-est-decede","status":"publish","type":"post","link":"https:\/\/guineechrono.com\/index.php\/guinee-le-chef-detat-major-de-larmee-de-mer-est-decede\/","title":{"rendered":"Guin\u00e9e: le chef d\u2019\u00e9tat-major de l\u2019Arm\u00e9e de mer est d\u00e9c\u00e9d\u00e9"},"content":{"rendered":"<p>Le G\u00e9n\u00e9ral de Brigade Ko\u00ef Alexis Maomou, chef d\u2019\u00e9tat-major de l\u2019Arm\u00e9e de Mer (CEMAM) n\u2019est plus.<\/p>\n<p>Il est d\u00e9c\u00e9d\u00e9 ce mardi 24 novembre 2020 \u00e0 Conakry des suites de maladie, indique le communiqu\u00e9 du minist\u00e8re d\u2019\u00c9tat en charge de la d\u00e9fense nationale.<\/p>\n<p>Copie du communiqu\u00e9 :<\/p>\n<p><a href=\"https:\/\/guineechrono.com\/wp-content\/uploads\/2020\/11\/deces-copie.jpg\"><img fetchpriority=\"high\" decoding=\"async\" class=\"aligncenter size-full wp-image-21728\" src=\"https:\/\/guineechrono.com\/wp-content\/uploads\/2020\/11\/deces-copie.jpg\" alt=\"\" width=\"236\" height=\"300\" \/><\/a><\/p>\n","protected":false},"excerpt":{"rendered":"<p>Le G\u00e9n\u00e9ral de Brigade Ko\u00ef Alexis Maomou, chef d\u2019\u00e9tat-major de l\u2019Arm\u00e9e de Mer (CEMAM) n\u2019est plus. Il est d\u00e9c\u00e9d\u00e9 ce mardi 24 novembre 2020 \u00e0 Conakry des suites de maladie, indique le communiqu\u00e9 du minist\u00e8re d\u2019\u00c9tat en charge de la d\u00e9fense nationale. Copie du communiqu\u00e9 :<\/p>\n","protected":false},"author":2,"featured_media":21729,"comment_status":"open","ping_status":"closed","sticky":false,"template":"","format":"standard","meta":{"buzzeditor_post_format":"","footnotes":""},"categories":[46],"tags":[],"class_list":["post-21725","post","type-post","status-publish","format-standard","has-post-thumbnail","hentry","category-societe"],"jetpack_featured_media_url":"https:\/\/guineechrono.com\/wp-content\/uploads\/2020\/11\/chef.jpg","amp_enabled":true,"_links":{"self":[{"href":"https:\/\/guineechrono.com\/index.php\/wp-json\/wp\/v2\/posts\/21725","targetHints":{"allow":["GET"]}}],"collection":[{"href":"https:\/\/guineechrono.com\/index.php\/wp-json\/wp\/v2\/posts"}],"about":[{"href":"https:\/\/guineechrono.com\/index.php\/wp-json\/wp\/v2\/types\/post"}],"author":[{"embeddable":true,"href":"https:\/\/guineechrono.com\/index.php\/wp-json\/wp\/v2\/users\/2"}],"replies":[{"embeddable":true,"href":"https:\/\/guineechrono.com\/index.php\/wp-json\/wp\/v2\/comments?post=21725"}],"version-history":[{"count":0,"href":"https:\/\/guineechrono.com\/index.php\/wp-json\/wp\/v2\/posts\/21725\/revisions"}],"wp:featuredmedia":[{"embeddable":true,"href":"https:\/\/guineechrono.com\/index.php\/wp-json\/wp\/v2\/media\/21729"}],"wp:attachment":[{"href":"https:\/\/guineechrono.com\/index.php\/wp-json\/wp\/v2\/media?parent=21725"}],"wp:term":[{"taxonomy":"category","embeddable":true,"href":"https:\/\/guineechrono.com\/index.php\/wp-json\/wp\/v2\/categories?post=21725"},{"taxonomy":"post_tag","embeddable":true,"href":"https:\/\/guineechrono.com\/index.php\/wp-json\/wp\/v2\/tags?post=21725"}],"curies":[{"name":"wp","href":"https:\/\/api.w.org\/{rel}","templated":true}]}}