{"id":22322,"date":"2020-12-31T19:40:07","date_gmt":"2020-12-31T18:40:07","guid":{"rendered":"https:\/\/guineechrono.com\/?p=22322"},"modified":"2020-12-31T19:40:07","modified_gmt":"2020-12-31T18:40:07","slug":"nzerekore-17-victimes-de-macenta-enterrees-dans-une-fosse-commune","status":"publish","type":"post","link":"https:\/\/guineechrono.com\/index.php\/nzerekore-17-victimes-de-macenta-enterrees-dans-une-fosse-commune\/","title":{"rendered":"N\u2019Z\u00e9r\u00e9kor\u00e9 : 17 victimes de Macenta  enterr\u00e9es dans une fosse commune"},"content":{"rendered":"<p><strong>Du samedi 26 au Dimanche 27 decembre 2020, deux ethnies se sont affront\u00e9es \u00e0 Macenta, une pr\u00e9fecture de la Guin\u00e9e-Foresti\u00e8re. Le bilan fait 17 morts, plusieurs et des d\u00e9g\u00e2ts mat\u00e9riels importants.<\/strong><\/p>\n<p>Selon une source sure ces 17 personnes tu\u00e9es, ont \u00e9t\u00e9 enterr\u00e9s dans une fosse commune, le mercredi 30 d\u00e9cembre 2020 \u00e0 N\u2019Z\u00e9r\u00e9kor\u00e9 sous l\u2019autorisation des autorit\u00e9s en places.<\/p>\n<p>A noter que les ethnies Toma et Manians qui se sont affront\u00e9s dans cette ville pour une affaire de patriarche.<\/p>\n<p><strong>Nous y reviendrons\u00a0!<\/strong><\/p>\n<p><strong>R\u00e9daction <\/strong><\/p>\n","protected":false},"excerpt":{"rendered":"<p>Du samedi 26 au Dimanche 27 decembre 2020, deux ethnies se sont affront\u00e9es \u00e0 Macenta, une pr\u00e9fecture de la Guin\u00e9e-Foresti\u00e8re. Le bilan fait 17 morts, plusieurs et des d\u00e9g\u00e2ts mat\u00e9riels importants. Selon une source sure ces 17 personnes tu\u00e9es, ont \u00e9t\u00e9 enterr\u00e9s dans une fosse commune, le mercredi 30 d\u00e9cembre 2020 \u00e0 N\u2019Z\u00e9r\u00e9kor\u00e9 sous l\u2019autorisation [&hellip;]<\/p>\n","protected":false},"author":2,"featured_media":22323,"comment_status":"open","ping_status":"closed","sticky":false,"template":"","format":"standard","meta":{"buzzeditor_post_format":"","footnotes":""},"categories":[42],"tags":[],"class_list":["post-22322","post","type-post","status-publish","format-standard","has-post-thumbnail","hentry","category-news"],"jetpack_featured_media_url":"https:\/\/guineechrono.com\/wp-content\/uploads\/2020\/12\/violences.jpg","amp_enabled":true,"_links":{"self":[{"href":"https:\/\/guineechrono.com\/index.php\/wp-json\/wp\/v2\/posts\/22322","targetHints":{"allow":["GET"]}}],"collection":[{"href":"https:\/\/guineechrono.com\/index.php\/wp-json\/wp\/v2\/posts"}],"about":[{"href":"https:\/\/guineechrono.com\/index.php\/wp-json\/wp\/v2\/types\/post"}],"author":[{"embeddable":true,"href":"https:\/\/guineechrono.com\/index.php\/wp-json\/wp\/v2\/users\/2"}],"replies":[{"embeddable":true,"href":"https:\/\/guineechrono.com\/index.php\/wp-json\/wp\/v2\/comments?post=22322"}],"version-history":[{"count":0,"href":"https:\/\/guineechrono.com\/index.php\/wp-json\/wp\/v2\/posts\/22322\/revisions"}],"wp:featuredmedia":[{"embeddable":true,"href":"https:\/\/guineechrono.com\/index.php\/wp-json\/wp\/v2\/media\/22323"}],"wp:attachment":[{"href":"https:\/\/guineechrono.com\/index.php\/wp-json\/wp\/v2\/media?parent=22322"}],"wp:term":[{"taxonomy":"category","embeddable":true,"href":"https:\/\/guineechrono.com\/index.php\/wp-json\/wp\/v2\/categories?post=22322"},{"taxonomy":"post_tag","embeddable":true,"href":"https:\/\/guineechrono.com\/index.php\/wp-json\/wp\/v2\/tags?post=22322"}],"curies":[{"name":"wp","href":"https:\/\/api.w.org\/{rel}","templated":true}]}}