{"id":22373,"date":"2021-01-05T21:40:28","date_gmt":"2021-01-05T20:40:28","guid":{"rendered":"https:\/\/guineechrono.com\/?p=22373"},"modified":"2021-01-05T21:40:28","modified_gmt":"2021-01-05T20:40:28","slug":"burkina-christophe-dabire-reconduit-premier-ministre","status":"publish","type":"post","link":"https:\/\/guineechrono.com\/index.php\/burkina-christophe-dabire-reconduit-premier-ministre\/","title":{"rendered":"Burkina : Christophe Dabir\u00e9 reconduit Premier ministre"},"content":{"rendered":"<p><strong>Christophe Joseph Marie Dabir\u00e9 conduira le tout premier gouvernement du 2e mandat du pr\u00e9sident Roch Marc Christian Kabor\u00e9. C\u2019est l\u2019annonce faite par le secr\u00e9taire g\u00e9n\u00e9ral du gouvernement, St\u00e9phane Sanou, au JT de 20h de la t\u00e9l\u00e9vision nationale. Notons que l\u2019homme avait \u00e9t\u00e9 nomm\u00e9 \u00e0 ce poste le 21 janvier 2019, \u00e0 la suite de Paul Kaba Thi\u00e9ba.<\/strong><\/p>\n<div class=\"article_content\">\n<p>Selon l\u2019article 63 de la Constitution, \u00ab\u00a0dans les trente jours qui suivent sa nomination, le Premier ministre fait une d\u00e9claration de politique g\u00e9n\u00e9rale devant l\u2019Assembl\u00e9e nationale. Cette d\u00e9claration est suivie de d\u00e9bats et donne lieu \u00e0 un vote.\u00a0\u00bb.<\/p>\n<p>\u00ab\u00a0L\u2019adoption de cette d\u00e9claration, poursuit la loi fondamentale, vaut investiture.<br class=\"autobr\" \/>Si la d\u00e9claration de politique g\u00e9n\u00e9rale ne recueille pas la majorit\u00e9 absolue des membres composant l\u2019Assembl\u00e9e nationale, le Pr\u00e9sident du Faso met fin aux fonctions du Premier ministre dans un d\u00e9lai de huit jours. Il nomme un nouveau Premier ministre conform\u00e9ment aux dispositions de l\u2019article 46 ci-dessus\u00a0\u00bb.<\/p>\n<p>Lefaso.net<\/p>\n<\/div>\n","protected":false},"excerpt":{"rendered":"<p>Christophe Joseph Marie Dabir\u00e9 conduira le tout premier gouvernement du 2e mandat du pr\u00e9sident Roch Marc Christian Kabor\u00e9. C\u2019est l\u2019annonce faite par le secr\u00e9taire g\u00e9n\u00e9ral du gouvernement, St\u00e9phane Sanou, au JT de 20h de la t\u00e9l\u00e9vision nationale. Notons que l\u2019homme avait \u00e9t\u00e9 nomm\u00e9 \u00e0 ce poste le 21 janvier 2019, \u00e0 la suite de Paul [&hellip;]<\/p>\n","protected":false},"author":2,"featured_media":22374,"comment_status":"open","ping_status":"closed","sticky":false,"template":"","format":"standard","meta":{"buzzeditor_post_format":"","footnotes":""},"categories":[43],"tags":[],"class_list":["post-22373","post","type-post","status-publish","format-standard","has-post-thumbnail","hentry","category-politique"],"jetpack_featured_media_url":"https:\/\/guineechrono.com\/wp-content\/uploads\/2021\/01\/6F944114-2833-417A-9F5A-50D318A99BA5.jpeg","amp_enabled":true,"_links":{"self":[{"href":"https:\/\/guineechrono.com\/index.php\/wp-json\/wp\/v2\/posts\/22373","targetHints":{"allow":["GET"]}}],"collection":[{"href":"https:\/\/guineechrono.com\/index.php\/wp-json\/wp\/v2\/posts"}],"about":[{"href":"https:\/\/guineechrono.com\/index.php\/wp-json\/wp\/v2\/types\/post"}],"author":[{"embeddable":true,"href":"https:\/\/guineechrono.com\/index.php\/wp-json\/wp\/v2\/users\/2"}],"replies":[{"embeddable":true,"href":"https:\/\/guineechrono.com\/index.php\/wp-json\/wp\/v2\/comments?post=22373"}],"version-history":[{"count":0,"href":"https:\/\/guineechrono.com\/index.php\/wp-json\/wp\/v2\/posts\/22373\/revisions"}],"wp:featuredmedia":[{"embeddable":true,"href":"https:\/\/guineechrono.com\/index.php\/wp-json\/wp\/v2\/media\/22374"}],"wp:attachment":[{"href":"https:\/\/guineechrono.com\/index.php\/wp-json\/wp\/v2\/media?parent=22373"}],"wp:term":[{"taxonomy":"category","embeddable":true,"href":"https:\/\/guineechrono.com\/index.php\/wp-json\/wp\/v2\/categories?post=22373"},{"taxonomy":"post_tag","embeddable":true,"href":"https:\/\/guineechrono.com\/index.php\/wp-json\/wp\/v2\/tags?post=22373"}],"curies":[{"name":"wp","href":"https:\/\/api.w.org\/{rel}","templated":true}]}}