{"id":2239,"date":"2018-11-03T17:56:53","date_gmt":"2018-11-03T16:56:53","guid":{"rendered":"http:\/\/guineechrono.com\/?p=2239"},"modified":"2018-11-03T18:21:29","modified_gmt":"2018-11-03T17:21:29","slug":"un-carnaval-geant-des-sapeurs-de-guinee-pour-soutenir-koundouwaka","status":"publish","type":"post","link":"https:\/\/guineechrono.com\/index.php\/un-carnaval-geant-des-sapeurs-de-guinee-pour-soutenir-koundouwaka\/","title":{"rendered":"Un Carnaval g\u00e9ant des sapeurs de guin\u00e9e pour soutenir KOUNDOUWAKA"},"content":{"rendered":"<p><strong>Le Mouvement des Sapeurs de Guin\u00e9e(MOUSAPEGUI) a manifest\u00e9 leur soutien hier vendredi \u00e0 l\u2019artiste KOUNDOUWAKA \u00e0 travers un carnaval g\u00e9ant dans la commune de Kaloum.<\/strong><\/p>\n<figure id=\"attachment_2241\" aria-describedby=\"caption-attachment-2241\" style=\"width: 300px\" class=\"wp-caption aligncenter\"><a href=\"http:\/\/guineechrono.com\/wp-content\/uploads\/2018\/11\/Koundouwaka-Sapologie.jpg\"><img fetchpriority=\"high\" decoding=\"async\" class=\"size-medium wp-image-2241\" src=\"http:\/\/guineechrono.com\/wp-content\/uploads\/2018\/11\/Koundouwaka-Sapologie-300x200.jpg\" alt=\"\" width=\"300\" height=\"200\" srcset=\"https:\/\/guineechrono.com\/wp-content\/uploads\/2018\/11\/Koundouwaka-Sapologie-300x200.jpg 300w, https:\/\/guineechrono.com\/wp-content\/uploads\/2018\/11\/Koundouwaka-Sapologie-768x511.jpg 768w, https:\/\/guineechrono.com\/wp-content\/uploads\/2018\/11\/Koundouwaka-Sapologie-1024x681.jpg 1024w, https:\/\/guineechrono.com\/wp-content\/uploads\/2018\/11\/Koundouwaka-Sapologie-696x463.jpg 696w, https:\/\/guineechrono.com\/wp-content\/uploads\/2018\/11\/Koundouwaka-Sapologie-1068x711.jpg 1068w, https:\/\/guineechrono.com\/wp-content\/uploads\/2018\/11\/Koundouwaka-Sapologie-631x420.jpg 631w\" sizes=\"(max-width: 300px) 100vw, 300px\" \/><\/a><figcaption id=\"caption-attachment-2241\" class=\"wp-caption-text\">SONY DSC<\/figcaption><\/figure>\n<p>Ces jeunes sapeurs de la nouvelle g\u00e9n\u00e9ration ont cr\u00e9es de l\u2019embouteillage dans les diff\u00e9rents carrefours de Kaloum pour annoncer leurs soutiens \u00e0 l\u2019artiste au pied magique et leurs prestations \u00e0 la d\u00e9dicace sur l\u2019esplanade du palais du peuple.<\/p>\n<figure id=\"attachment_2242\" aria-describedby=\"caption-attachment-2242\" style=\"width: 300px\" class=\"wp-caption aligncenter\"><a href=\"http:\/\/guineechrono.com\/wp-content\/uploads\/2018\/11\/Sap22.jpg\"><img decoding=\"async\" class=\"size-medium wp-image-2242\" src=\"http:\/\/guineechrono.com\/wp-content\/uploads\/2018\/11\/Sap22-300x200.jpg\" alt=\"\" width=\"300\" height=\"200\" srcset=\"https:\/\/guineechrono.com\/wp-content\/uploads\/2018\/11\/Sap22-300x200.jpg 300w, https:\/\/guineechrono.com\/wp-content\/uploads\/2018\/11\/Sap22-768x511.jpg 768w, https:\/\/guineechrono.com\/wp-content\/uploads\/2018\/11\/Sap22-1024x681.jpg 1024w, https:\/\/guineechrono.com\/wp-content\/uploads\/2018\/11\/Sap22-696x463.jpg 696w, https:\/\/guineechrono.com\/wp-content\/uploads\/2018\/11\/Sap22-1068x711.jpg 1068w, https:\/\/guineechrono.com\/wp-content\/uploads\/2018\/11\/Sap22-631x420.jpg 631w\" sizes=\"(max-width: 300px) 100vw, 300px\" \/><\/a><figcaption id=\"caption-attachment-2242\" class=\"wp-caption-text\">SONY DSC<\/figcaption><\/figure>\n<p>Selon le pr\u00e9sident du dit mouvement, Koundouwaka est l\u2019artiste du peuple, donc il m\u00e9rite le soutien de tout le peuple de Guin\u00e9e sans exception. C\u2019est\u00a0 dans ce cadre que nous avons d\u00e9cid\u00e9 d\u2019apporter notre soutien a cet grand \u00e9v\u00e9nement qui est la sortie de l\u2019album \u00ab\u00a0La Haine de L\u2019autre\u00a0\u00bb pr\u00e9vu respectivement le 07 D\u00e9cembre au palm Camayenne et le 09 D\u00e9cembre sur l\u2019esplanade du palais du peuple.<\/p>\n<p>Et d\u2019ajouter\u00a0: \u00ab\u00a0Je lance un appel a toute la jeunesse guin\u00e9enne de venir massivement soutenir l\u2019ic\u00f4ne de musique guin\u00e9enne le 09 d\u00e9cembre sur l\u2019esplanade du palais du peuple\u00a0\u00bb, a-t-il lanc\u00e9.<\/p>\n<figure id=\"attachment_2243\" aria-describedby=\"caption-attachment-2243\" style=\"width: 300px\" class=\"wp-caption aligncenter\"><a href=\"http:\/\/guineechrono.com\/wp-content\/uploads\/2018\/11\/Sapologie1.jpg\"><img decoding=\"async\" class=\"size-medium wp-image-2243\" src=\"http:\/\/guineechrono.com\/wp-content\/uploads\/2018\/11\/Sapologie1-300x200.jpg\" alt=\"\" width=\"300\" height=\"200\" srcset=\"https:\/\/guineechrono.com\/wp-content\/uploads\/2018\/11\/Sapologie1-300x200.jpg 300w, https:\/\/guineechrono.com\/wp-content\/uploads\/2018\/11\/Sapologie1-768x511.jpg 768w, https:\/\/guineechrono.com\/wp-content\/uploads\/2018\/11\/Sapologie1-1024x681.jpg 1024w, https:\/\/guineechrono.com\/wp-content\/uploads\/2018\/11\/Sapologie1-696x463.jpg 696w, https:\/\/guineechrono.com\/wp-content\/uploads\/2018\/11\/Sapologie1-1068x711.jpg 1068w, https:\/\/guineechrono.com\/wp-content\/uploads\/2018\/11\/Sapologie1-631x420.jpg 631w\" sizes=\"(max-width: 300px) 100vw, 300px\" \/><\/a><figcaption id=\"caption-attachment-2243\" class=\"wp-caption-text\">SONY DSC<\/figcaption><\/figure>\n<p>Il faut rappeler qu\u2019apr\u00e8s le succ\u00e8s de son dernier opus intitul\u00e9 \u00ab Ma maman n\u2019a pas raison \u00bb, Abraham Sonty Koundouwaka, connu pour son rythme folklorique, revient avec un nouvel album \u00ab La haine de l\u2019autre \u00bb sur lequel il compte mobiliser 50.000 personnes sur l\u2019esplanade du palais du peuple.<\/p>\n<p>Voici le lien de la video\u00a0:<\/p>\n<p><iframe title=\"SAPOLOGIE AU COEUR DE D\u00d6D\u00d6   Facebook\" width=\"500\" height=\"281\" src=\"https:\/\/www.youtube.com\/embed\/YEmMA0bmVBI?feature=oembed\" frameborder=\"0\" allow=\"accelerometer; autoplay; clipboard-write; encrypted-media; gyroscope; picture-in-picture; web-share\" referrerpolicy=\"strict-origin-when-cross-origin\" allowfullscreen><\/iframe><\/p>\n<p><strong>Cellule de Communication<\/strong><\/p>\n<p>&nbsp;<\/p>\n","protected":false},"excerpt":{"rendered":"<p>Le Mouvement des Sapeurs de Guin\u00e9e(MOUSAPEGUI) a manifest\u00e9 leur soutien hier vendredi \u00e0 l\u2019artiste KOUNDOUWAKA \u00e0 travers un carnaval g\u00e9ant dans la commune de Kaloum. Ces jeunes sapeurs de la nouvelle g\u00e9n\u00e9ration ont cr\u00e9es de l\u2019embouteillage dans les diff\u00e9rents carrefours de Kaloum pour annoncer leurs soutiens \u00e0 l\u2019artiste au pied magique et leurs prestations \u00e0 [&hellip;]<\/p>\n","protected":false},"author":2,"featured_media":2244,"comment_status":"open","ping_status":"closed","sticky":false,"template":"","format":"standard","meta":{"buzzeditor_post_format":"","footnotes":""},"categories":[1],"tags":[],"class_list":["post-2239","post","type-post","status-publish","format-standard","has-post-thumbnail","hentry","category-non-classe"],"jetpack_featured_media_url":"https:\/\/guineechrono.com\/wp-content\/uploads\/2018\/11\/Sapologie33.jpg","amp_enabled":true,"_links":{"self":[{"href":"https:\/\/guineechrono.com\/index.php\/wp-json\/wp\/v2\/posts\/2239","targetHints":{"allow":["GET"]}}],"collection":[{"href":"https:\/\/guineechrono.com\/index.php\/wp-json\/wp\/v2\/posts"}],"about":[{"href":"https:\/\/guineechrono.com\/index.php\/wp-json\/wp\/v2\/types\/post"}],"author":[{"embeddable":true,"href":"https:\/\/guineechrono.com\/index.php\/wp-json\/wp\/v2\/users\/2"}],"replies":[{"embeddable":true,"href":"https:\/\/guineechrono.com\/index.php\/wp-json\/wp\/v2\/comments?post=2239"}],"version-history":[{"count":0,"href":"https:\/\/guineechrono.com\/index.php\/wp-json\/wp\/v2\/posts\/2239\/revisions"}],"wp:featuredmedia":[{"embeddable":true,"href":"https:\/\/guineechrono.com\/index.php\/wp-json\/wp\/v2\/media\/2244"}],"wp:attachment":[{"href":"https:\/\/guineechrono.com\/index.php\/wp-json\/wp\/v2\/media?parent=2239"}],"wp:term":[{"taxonomy":"category","embeddable":true,"href":"https:\/\/guineechrono.com\/index.php\/wp-json\/wp\/v2\/categories?post=2239"},{"taxonomy":"post_tag","embeddable":true,"href":"https:\/\/guineechrono.com\/index.php\/wp-json\/wp\/v2\/tags?post=2239"}],"curies":[{"name":"wp","href":"https:\/\/api.w.org\/{rel}","templated":true}]}}