{"id":22943,"date":"2021-02-13T16:41:27","date_gmt":"2021-02-13T15:41:27","guid":{"rendered":"https:\/\/guineechrono.com\/?p=22943"},"modified":"2021-02-13T16:41:27","modified_gmt":"2021-02-13T15:41:27","slug":"lambassadeur-du-maroc-au-burkina-faso-agresse","status":"publish","type":"post","link":"https:\/\/guineechrono.com\/index.php\/lambassadeur-du-maroc-au-burkina-faso-agresse\/","title":{"rendered":"L\u2019ambassadeur du Maroc au Burkina Faso agress\u00e9"},"content":{"rendered":"<p><strong>Youssef Slaoui, l\u2019ambassadeur du Maroc \u00e0 Ouagadougou a \u00e9t\u00e9 victime dans la nuit de jeudi \u00e0 vendredi d\u2019une attaque perp\u00e9tr\u00e9e par un motard \u00e2g\u00e9 de 36 ans. Selon les premiers \u00e9l\u00e9ments de l\u2019enqu\u00eate, l\u2019attaque ne rev\u00eat pas de caract\u00e8re politique. L\u2019assaillant a \u00e9t\u00e9 abattu par les forces de l\u2019ordre burkinab\u00e9es.<\/strong><\/p>\n<p>L\u2019individu qui circulait \u00e0 moto au moment des faits a \u00e9t\u00e9 abattu par les forces de l\u2019ordre burkinab\u00e9es quelques heures apr\u00e8s \u00a0qu\u2019il ait \u00a0attaqu\u00e9 le diplomate marocain et son \u00e9pouse.<\/p>\n<p>Selon les m\u00e9dias locaux, la femme du diplomate marocain aurait re\u00e7u deux balles au pied. L\u2019ambassadeur, lui, souffrirait d\u2019une l\u00e9g\u00e8re blessure dans la t\u00eate. Les deux victimes ont \u00e9t\u00e9 admises dans une clinique de la capitale \u00a0pour recevoir des soins. \u00ab Leur vie est hors de danger \u00bb selon une source hospitali\u00e8re.<\/p>\n<p><span style=\"color: #3366ff;\"><strong>Rachid Barbouch<\/strong><\/span><\/p>\n","protected":false},"excerpt":{"rendered":"<p>Youssef Slaoui, l\u2019ambassadeur du Maroc \u00e0 Ouagadougou a \u00e9t\u00e9 victime dans la nuit de jeudi \u00e0 vendredi d\u2019une attaque perp\u00e9tr\u00e9e par un motard \u00e2g\u00e9 de 36 ans. Selon les premiers \u00e9l\u00e9ments de l\u2019enqu\u00eate, l\u2019attaque ne rev\u00eat pas de caract\u00e8re politique. L\u2019assaillant a \u00e9t\u00e9 abattu par les forces de l\u2019ordre burkinab\u00e9es. L\u2019individu qui circulait \u00e0 moto [&hellip;]<\/p>\n","protected":false},"author":2,"featured_media":22944,"comment_status":"open","ping_status":"closed","sticky":false,"template":"","format":"standard","meta":{"buzzeditor_post_format":"","footnotes":""},"categories":[46],"tags":[],"class_list":["post-22943","post","type-post","status-publish","format-standard","has-post-thumbnail","hentry","category-societe"],"jetpack_featured_media_url":"https:\/\/guineechrono.com\/wp-content\/uploads\/2021\/02\/A743F84B-7AD9-4EFA-B481-16FCE32F1D4E.jpeg","amp_enabled":true,"_links":{"self":[{"href":"https:\/\/guineechrono.com\/index.php\/wp-json\/wp\/v2\/posts\/22943","targetHints":{"allow":["GET"]}}],"collection":[{"href":"https:\/\/guineechrono.com\/index.php\/wp-json\/wp\/v2\/posts"}],"about":[{"href":"https:\/\/guineechrono.com\/index.php\/wp-json\/wp\/v2\/types\/post"}],"author":[{"embeddable":true,"href":"https:\/\/guineechrono.com\/index.php\/wp-json\/wp\/v2\/users\/2"}],"replies":[{"embeddable":true,"href":"https:\/\/guineechrono.com\/index.php\/wp-json\/wp\/v2\/comments?post=22943"}],"version-history":[{"count":0,"href":"https:\/\/guineechrono.com\/index.php\/wp-json\/wp\/v2\/posts\/22943\/revisions"}],"wp:featuredmedia":[{"embeddable":true,"href":"https:\/\/guineechrono.com\/index.php\/wp-json\/wp\/v2\/media\/22944"}],"wp:attachment":[{"href":"https:\/\/guineechrono.com\/index.php\/wp-json\/wp\/v2\/media?parent=22943"}],"wp:term":[{"taxonomy":"category","embeddable":true,"href":"https:\/\/guineechrono.com\/index.php\/wp-json\/wp\/v2\/categories?post=22943"},{"taxonomy":"post_tag","embeddable":true,"href":"https:\/\/guineechrono.com\/index.php\/wp-json\/wp\/v2\/tags?post=22943"}],"curies":[{"name":"wp","href":"https:\/\/api.w.org\/{rel}","templated":true}]}}