{"id":22961,"date":"2021-02-15T21:28:17","date_gmt":"2021-02-15T20:28:17","guid":{"rendered":"https:\/\/guineechrono.com\/?p=22961"},"modified":"2021-02-15T21:29:55","modified_gmt":"2021-02-15T20:29:55","slug":"menace-de-greve-de-lordre-des-pharmaciens-le-porte-parole-des-vendeurs-de-medicaments-non-agree-reagit","status":"publish","type":"post","link":"https:\/\/guineechrono.com\/index.php\/menace-de-greve-de-lordre-des-pharmaciens-le-porte-parole-des-vendeurs-de-medicaments-non-agree-reagit\/","title":{"rendered":"Menace de gr\u00e8ve de l&rsquo;ordre des pharmaciens : le porte-parole des vendeurs de m\u00e9dicaments r\u00e9agit !"},"content":{"rendered":"<p><strong>Tout r\u00e9cemment le syndicat des pharmaciens professionnels et priv\u00e9s de Guin\u00e9e a port\u00e9 des accusations contre les commer\u00e7ants importateurs de m\u00e9dicaments de Guin\u00e9e. Pour r\u00e9pondre \u00e0 ces all\u00e9gations, le porte-parole des vendeurs de m\u00e9dicaments non agr\u00e9s en Guin\u00e9e M. Amadou Oury Barry, a tent\u00e9 de d\u00e9fendre les vendeurs de m\u00e9dicaments qui \u00e9voluent dans l&rsquo;informel. Le porte-parole a fait des r\u00e9v\u00e9lations tonitruantes. Il estime que les pharmaciens veulent monopoliser le secteur des produits pharmaceutiques.<\/strong><\/p>\n<p>Dans son intervention, Amadou Oury Barry a fait savoir que la corporation des vendeurs de m\u00e9dicaments non agr\u00e9s de Guin\u00e9e sont de nos jours install\u00e9s sur toute l&rsquo;\u00e9tendue du territoire, tr\u00e8s proche de la population, regroupe des intellectuels et dipl\u00f4m\u00e9s en pharmacie sortant des universit\u00e9s de la place.<\/p>\n<p>Par ailleurs, le porte-parole est revenu sur les agissements que les vendeurs de m\u00e9dicaments non agr\u00e9s de Guin\u00e9e subissent de l&rsquo;ordre des pharmaciens de Guin\u00e9e.<\/p>\n<p>\u00a0\u00bb Nous consid\u00e9rons les pharmaciens comme les coll\u00e8gues de travail, mais ils ont une haine noire contre nous sur le terrain. Les pharmaciens veulent monopoliser, alors que le monopole est r\u00e9volu dans le secteur des produits pharmaceutiques. Ces pharmaciens utilisent les m\u00e9thodes politiques, sinon y&rsquo;a pas de raison de chercher \u00e0 rencontrer certains politiciens pour les assister dans leur programme de gr\u00e8ve\u00a0\u00bb, a-t-il dit.<\/p>\n<p>Et d&rsquo;ajouter: \u00a0\u00bb Ces pharmaciens viennent acheter les produits avec nous, ils prennent des cr\u00e9dits avec nous on n&rsquo;ose pas r\u00e9clamer, alors ils peuvent pas dire que nos produits ne sont pas bons, ils vendent excessivement ch\u00e8r plus de 500% d&rsquo;int\u00e9r\u00eat sur un produit, et nous 5000fg ou 2500 fg suffit sur un produit. Nos coll\u00e8gues pharmaciens devrait comprendre ils sont tous install\u00e9s \u00e0 Conakry,ils n&rsquo;ont pas accepter d&rsquo;aller \u00e0 l&rsquo;int\u00e9rieur du pays de penser aux pauvres citoyens\u00a0\u00bb, a-t-il ajout\u00e9.<\/p>\n<p>Parlant d&rsquo;une \u00e9ventuelle gr\u00e8ve que l&rsquo;ordre des pharmaciens voudrait entamer, le porte parole des vendeurs de m\u00e9dicaments non agr\u00e9s, Amadou Oury Barry averti l&rsquo;ordre des pharmaciens.<\/p>\n<p>\u00a0\u00bb Je lance un appel solennel \u00e0 tout les vendeurs des produits pharmaceutiques sur toutes l&rsquo;\u00e9tendue\u00a0 du territoire national, le jour o\u00f9 les pharmaciens vont s&rsquo;hasarder \u00e0 faire une gr\u00e8ve, j&rsquo;inviterais\u00a0 tout les vendeurs des produits \u00e0 faire une r\u00e9duction du prix. Tout produit vendu a 5.000fg, de vendre \u00e0 4.000fg , tout produit vendu \u00e0 50.000fg vendez \u00e0 4.5000, car c&rsquo;est pas une perte mais un sacrifice pour la nation et pour vous m\u00eame\u00a0\u00bb.<\/p>\n<p>Amadou Oury Barry termine en remerciant les efforts consentis par le chef de l&rsquo;Etat actuel\u00a0d&rsquo;Alpha \u00a0 pour la modernisation et les r\u00e9formes administratives engag\u00e9es par le pr\u00e9sident de la R\u00e9publique prof Alpha a port\u00e9 fruit.<\/p>\n<p><strong>Bolokada Sano<\/strong><\/p>\n","protected":false},"excerpt":{"rendered":"<p>Tout r\u00e9cemment le syndicat des pharmaciens professionnels et priv\u00e9s de Guin\u00e9e a port\u00e9 des accusations contre les commer\u00e7ants importateurs de m\u00e9dicaments de Guin\u00e9e. Pour r\u00e9pondre \u00e0 ces all\u00e9gations, le porte-parole des vendeurs de m\u00e9dicaments non agr\u00e9s en Guin\u00e9e M. Amadou Oury Barry, a tent\u00e9 de d\u00e9fendre les vendeurs de m\u00e9dicaments qui \u00e9voluent dans l&rsquo;informel. Le [&hellip;]<\/p>\n","protected":false},"author":2,"featured_media":22962,"comment_status":"open","ping_status":"closed","sticky":false,"template":"","format":"standard","meta":{"buzzeditor_post_format":"","footnotes":""},"categories":[2,42,46],"tags":[],"class_list":["post-22961","post","type-post","status-publish","format-standard","has-post-thumbnail","hentry","category-featured","category-news","category-societe"],"jetpack_featured_media_url":"https:\/\/guineechrono.com\/wp-content\/uploads\/2021\/02\/img-20210215-wa0037.jpg","amp_enabled":true,"_links":{"self":[{"href":"https:\/\/guineechrono.com\/index.php\/wp-json\/wp\/v2\/posts\/22961","targetHints":{"allow":["GET"]}}],"collection":[{"href":"https:\/\/guineechrono.com\/index.php\/wp-json\/wp\/v2\/posts"}],"about":[{"href":"https:\/\/guineechrono.com\/index.php\/wp-json\/wp\/v2\/types\/post"}],"author":[{"embeddable":true,"href":"https:\/\/guineechrono.com\/index.php\/wp-json\/wp\/v2\/users\/2"}],"replies":[{"embeddable":true,"href":"https:\/\/guineechrono.com\/index.php\/wp-json\/wp\/v2\/comments?post=22961"}],"version-history":[{"count":0,"href":"https:\/\/guineechrono.com\/index.php\/wp-json\/wp\/v2\/posts\/22961\/revisions"}],"wp:featuredmedia":[{"embeddable":true,"href":"https:\/\/guineechrono.com\/index.php\/wp-json\/wp\/v2\/media\/22962"}],"wp:attachment":[{"href":"https:\/\/guineechrono.com\/index.php\/wp-json\/wp\/v2\/media?parent=22961"}],"wp:term":[{"taxonomy":"category","embeddable":true,"href":"https:\/\/guineechrono.com\/index.php\/wp-json\/wp\/v2\/categories?post=22961"},{"taxonomy":"post_tag","embeddable":true,"href":"https:\/\/guineechrono.com\/index.php\/wp-json\/wp\/v2\/tags?post=22961"}],"curies":[{"name":"wp","href":"https:\/\/api.w.org\/{rel}","templated":true}]}}