{"id":23147,"date":"2021-03-05T16:02:12","date_gmt":"2021-03-05T15:02:12","guid":{"rendered":"https:\/\/guineechrono.com\/?p=23147"},"modified":"2021-03-05T16:02:12","modified_gmt":"2021-03-05T15:02:12","slug":"senegal-scenes-de-violences-a-dakar","status":"publish","type":"post","link":"https:\/\/guineechrono.com\/index.php\/senegal-scenes-de-violences-a-dakar\/","title":{"rendered":"S\u00e9n\u00e9gal : sc\u00e8nes de violences \u00e0 Dakar"},"content":{"rendered":"<p><strong>Des images de la capitale Dakar, jeudi 4 mars, devant l&rsquo;universit\u00e9 Cheikh Anta Diop, de jeunes gens et des \u00e9l\u00e9ments de la police se sont affront\u00e9s \u00e0 coup de jets de pierre et de tirs de gaz lacrymog\u00e8nes. Une sc\u00e8ne de violence qui s&rsquo;est propag\u00e9e dans diff\u00e9rentes villes du S\u00e9n\u00e9gal.<\/strong><\/p>\n<p>L&rsquo;arrestation d&rsquo;Ousmane Sonko, le leader du Pastef-les patriotes, pour trouble \u00e0 l&rsquo;ordre public et organisation d&rsquo;une manifestation non autoris\u00e9e en pleine crise de coronavirus a d\u00e9clench\u00e9 la col\u00e8re des jeunes de l&rsquo;opposition, qui se sont livr\u00e9s \u00e0 des sc\u00e8nes de pillage de biens publics et priv\u00e9s. L&rsquo;opposant est accus\u00e9 d&rsquo; agression sexuelle sur une jeune fille de 20 ans et doit r\u00e9pondre ce vendredi 5 mars \u00e0 la convocation du juge. C&rsquo;est justement en se rendant \u00e0 cette convocation que Ousmane Sonko avait \u00e9t\u00e9 arr\u00eat\u00e9 mercredi, officiellement les autorit\u00e9s, lui reprochent d&rsquo;avoir utilis\u00e9 un itin\u00e9raire qui lui avait \u00e9t\u00e9 plut\u00f4t interdit.<\/p>\n<p>Dans la foul\u00e9e de ces manifestations, le gouvernement s\u00e9n\u00e9galais est sorti de sa r\u00e9serve et a pr\u00e9sent\u00e9 ses condol\u00e9ances \u00e0 la famille du jeune homme tu\u00e9 \u00e0 Bignona en Casamance et promet de poursuivre tous les responsables des pillages. Depuis l&rsquo;arrestation d&rsquo;Ousmane Sonko, le pr\u00e9sident Macky Sall qui garde le silence, est accus\u00e9 de vouloir museler l&rsquo;opposition avant la prochaine pr\u00e9sidentielle de 2024.<\/p>\n<p><strong>africanews<\/strong><\/p>\n","protected":false},"excerpt":{"rendered":"<p>Des images de la capitale Dakar, jeudi 4 mars, devant l&rsquo;universit\u00e9 Cheikh Anta Diop, de jeunes gens et des \u00e9l\u00e9ments de la police se sont affront\u00e9s \u00e0 coup de jets de pierre et de tirs de gaz lacrymog\u00e8nes. Une sc\u00e8ne de violence qui s&rsquo;est propag\u00e9e dans diff\u00e9rentes villes du S\u00e9n\u00e9gal. L&rsquo;arrestation d&rsquo;Ousmane Sonko, le leader [&hellip;]<\/p>\n","protected":false},"author":2,"featured_media":23148,"comment_status":"open","ping_status":"closed","sticky":false,"template":"","format":"standard","meta":{"buzzeditor_post_format":"","footnotes":""},"categories":[43],"tags":[],"class_list":["post-23147","post","type-post","status-publish","format-standard","has-post-thumbnail","hentry","category-politique"],"jetpack_featured_media_url":"https:\/\/guineechrono.com\/wp-content\/uploads\/2021\/03\/66654FE2-A3C5-475E-A193-E1951C68AB92.jpeg","amp_enabled":true,"_links":{"self":[{"href":"https:\/\/guineechrono.com\/index.php\/wp-json\/wp\/v2\/posts\/23147","targetHints":{"allow":["GET"]}}],"collection":[{"href":"https:\/\/guineechrono.com\/index.php\/wp-json\/wp\/v2\/posts"}],"about":[{"href":"https:\/\/guineechrono.com\/index.php\/wp-json\/wp\/v2\/types\/post"}],"author":[{"embeddable":true,"href":"https:\/\/guineechrono.com\/index.php\/wp-json\/wp\/v2\/users\/2"}],"replies":[{"embeddable":true,"href":"https:\/\/guineechrono.com\/index.php\/wp-json\/wp\/v2\/comments?post=23147"}],"version-history":[{"count":0,"href":"https:\/\/guineechrono.com\/index.php\/wp-json\/wp\/v2\/posts\/23147\/revisions"}],"wp:featuredmedia":[{"embeddable":true,"href":"https:\/\/guineechrono.com\/index.php\/wp-json\/wp\/v2\/media\/23148"}],"wp:attachment":[{"href":"https:\/\/guineechrono.com\/index.php\/wp-json\/wp\/v2\/media?parent=23147"}],"wp:term":[{"taxonomy":"category","embeddable":true,"href":"https:\/\/guineechrono.com\/index.php\/wp-json\/wp\/v2\/categories?post=23147"},{"taxonomy":"post_tag","embeddable":true,"href":"https:\/\/guineechrono.com\/index.php\/wp-json\/wp\/v2\/tags?post=23147"}],"curies":[{"name":"wp","href":"https:\/\/api.w.org\/{rel}","templated":true}]}}