{"id":23176,"date":"2021-03-08T21:25:18","date_gmt":"2021-03-08T20:25:18","guid":{"rendered":"https:\/\/guineechrono.com\/?p=23176"},"modified":"2021-03-08T21:25:18","modified_gmt":"2021-03-08T20:25:18","slug":"le-pape-francois-est-de-retour-a-rome","status":"publish","type":"post","link":"https:\/\/guineechrono.com\/index.php\/le-pape-francois-est-de-retour-a-rome\/","title":{"rendered":"Le Pape Fran\u00e7ois est de retour \u00e0 Rome"},"content":{"rendered":"<p><strong>Le souverain pontife est parti lundi matin, de Bagdad, au terme d\u2019un week-end sans aucun incident, o\u00f9 il est all\u00e9 \u00e0 la rencontre des chr\u00e9tiens irakiens. Il a confi\u00e9 que ce voyage l\u2019avait particuli\u00e8rement fatigu\u00e9.<\/strong><\/p>\n<div class=\"article__subTitle\">Vers 12h20 ce lundi 8 mars, l\u2019avion papale a atterri \u00e0 l\u2019a\u00e9roport de Ciampino, pr\u00e8s de la capitale italienne.<\/div>\n<div class=\"title__separator\"><\/div>\n<div class=\"article__text \">\n<p>Le 33\u00e8me voyage apostolique de Fran\u00e7ois s&rsquo;est achev\u00e9 vers 12h20 \u00e0 l&rsquo;a\u00e9roport de Ciampino \u00e0 Rome. Environ soixante-dix journalistes \u00e9taient \u00e9galement \u00e0 bord de l&rsquo;avion papal, documentant les paroles et les gestes du pape depuis son arriv\u00e9e \u00e0 Bagdad jusqu&rsquo;\u00e0 la messe d&rsquo;hier apr\u00e8s-midi \u00e0 Erbil, qui a couronn\u00e9 plus de 72 heures de haute intensit\u00e9 humaine et spirituelle.<\/p>\n<p>Apr\u00e8s avoir quitt\u00e9 l&rsquo;a\u00e9roport, sur le chemin du retour, le Pape Fran\u00e7ois s&rsquo;est arr\u00eat\u00e9 pour prier dans la Basilique de Sainte Marie Majeure au coeur de Rome, devant l&rsquo;ic\u00f4ne de la Vierge Salus Populi Romani, sur l&rsquo;autel de laquelle il a d\u00e9pos\u00e9 un bouquet de fleurs apport\u00e9 d&rsquo;Irak.<br \/>\n<strong><br \/>\nVatican<\/strong><\/p>\n<\/div>\n","protected":false},"excerpt":{"rendered":"<p>Le souverain pontife est parti lundi matin, de Bagdad, au terme d\u2019un week-end sans aucun incident, o\u00f9 il est all\u00e9 \u00e0 la rencontre des chr\u00e9tiens irakiens. Il a confi\u00e9 que ce voyage l\u2019avait particuli\u00e8rement fatigu\u00e9. Vers 12h20 ce lundi 8 mars, l\u2019avion papale a atterri \u00e0 l\u2019a\u00e9roport de Ciampino, pr\u00e8s de la capitale italienne. Le [&hellip;]<\/p>\n","protected":false},"author":2,"featured_media":23177,"comment_status":"open","ping_status":"closed","sticky":false,"template":"","format":"standard","meta":{"buzzeditor_post_format":"","footnotes":""},"categories":[42,43,46],"tags":[],"class_list":["post-23176","post","type-post","status-publish","format-standard","has-post-thumbnail","hentry","category-news","category-politique","category-societe"],"jetpack_featured_media_url":"https:\/\/guineechrono.com\/wp-content\/uploads\/2021\/03\/70860113-20B7-4414-9808-05461899F205.jpeg","amp_enabled":true,"_links":{"self":[{"href":"https:\/\/guineechrono.com\/index.php\/wp-json\/wp\/v2\/posts\/23176","targetHints":{"allow":["GET"]}}],"collection":[{"href":"https:\/\/guineechrono.com\/index.php\/wp-json\/wp\/v2\/posts"}],"about":[{"href":"https:\/\/guineechrono.com\/index.php\/wp-json\/wp\/v2\/types\/post"}],"author":[{"embeddable":true,"href":"https:\/\/guineechrono.com\/index.php\/wp-json\/wp\/v2\/users\/2"}],"replies":[{"embeddable":true,"href":"https:\/\/guineechrono.com\/index.php\/wp-json\/wp\/v2\/comments?post=23176"}],"version-history":[{"count":0,"href":"https:\/\/guineechrono.com\/index.php\/wp-json\/wp\/v2\/posts\/23176\/revisions"}],"wp:featuredmedia":[{"embeddable":true,"href":"https:\/\/guineechrono.com\/index.php\/wp-json\/wp\/v2\/media\/23177"}],"wp:attachment":[{"href":"https:\/\/guineechrono.com\/index.php\/wp-json\/wp\/v2\/media?parent=23176"}],"wp:term":[{"taxonomy":"category","embeddable":true,"href":"https:\/\/guineechrono.com\/index.php\/wp-json\/wp\/v2\/categories?post=23176"},{"taxonomy":"post_tag","embeddable":true,"href":"https:\/\/guineechrono.com\/index.php\/wp-json\/wp\/v2\/tags?post=23176"}],"curies":[{"name":"wp","href":"https:\/\/api.w.org\/{rel}","templated":true}]}}