{"id":23181,"date":"2021-03-08T22:37:44","date_gmt":"2021-03-08T21:37:44","guid":{"rendered":"https:\/\/guineechrono.com\/?p=23181"},"modified":"2021-03-08T22:37:44","modified_gmt":"2021-03-08T21:37:44","slug":"cote-divoire-hamed-bakayoko-transfere-en-allemagne","status":"publish","type":"post","link":"https:\/\/guineechrono.com\/index.php\/cote-divoire-hamed-bakayoko-transfere-en-allemagne\/","title":{"rendered":"C\u00f4te d\u2019Ivoire : Hamed Bakayoko transf\u00e9r\u00e9 en Allemagne"},"content":{"rendered":"<p class=\"lead\">Soign\u00e9 depuis d\u00e9but mars \u00e0 l\u2019H\u00f4pital am\u00e9ricain de Paris, le Premier ministre ivoirien, dont l\u2019\u00e9tat de sant\u00e9 s\u2019est d\u00e9t\u00e9rior\u00e9, a \u00e9t\u00e9 admis dans un \u00e9tablissement de Fribourg, en Allemagne.<\/p>\n<p>Hospitalis\u00e9 depuis le d\u00e9but du mois de mars \u00e0 l\u2019H\u00f4pital am\u00e9ricain de Paris, le Premier ministre ivoirien a \u00e9t\u00e9 transf\u00e9r\u00e9 \u00e0 Fribourg, en Allemagne, dans la matin\u00e9e du 6 mars.<\/p>\n<p>La sant\u00e9 du premier ministre qui, ce jour f\u00eate ses 56 ans se serait d\u00e9t\u00e9rior\u00e9e, ses m\u00e9decins traitant auraient alors conseill\u00e9 son transfert vers une clinique sp\u00e9cialis\u00e9e pour le mal dont il souffre en Allemagne.<\/p>\n<p>Dans l&rsquo;espoir de nouvelles rassurantes pour sa sant\u00e9.<\/p>\n<p><strong>jeune Afrique\u00a0<\/strong><\/p>\n","protected":false},"excerpt":{"rendered":"<p>Soign\u00e9 depuis d\u00e9but mars \u00e0 l\u2019H\u00f4pital am\u00e9ricain de Paris, le Premier ministre ivoirien, dont l\u2019\u00e9tat de sant\u00e9 s\u2019est d\u00e9t\u00e9rior\u00e9, a \u00e9t\u00e9 admis dans un \u00e9tablissement de Fribourg, en Allemagne. Hospitalis\u00e9 depuis le d\u00e9but du mois de mars \u00e0 l\u2019H\u00f4pital am\u00e9ricain de Paris, le Premier ministre ivoirien a \u00e9t\u00e9 transf\u00e9r\u00e9 \u00e0 Fribourg, en Allemagne, dans la [&hellip;]<\/p>\n","protected":false},"author":2,"featured_media":23182,"comment_status":"open","ping_status":"closed","sticky":false,"template":"","format":"standard","meta":{"buzzeditor_post_format":"","footnotes":""},"categories":[42,52],"tags":[],"class_list":["post-23181","post","type-post","status-publish","format-standard","has-post-thumbnail","hentry","category-news","category-sante"],"jetpack_featured_media_url":"https:\/\/guineechrono.com\/wp-content\/uploads\/2021\/03\/D082873D-BE4D-4FCA-8EE0-CA60F30DEBFC.jpeg","amp_enabled":true,"_links":{"self":[{"href":"https:\/\/guineechrono.com\/index.php\/wp-json\/wp\/v2\/posts\/23181","targetHints":{"allow":["GET"]}}],"collection":[{"href":"https:\/\/guineechrono.com\/index.php\/wp-json\/wp\/v2\/posts"}],"about":[{"href":"https:\/\/guineechrono.com\/index.php\/wp-json\/wp\/v2\/types\/post"}],"author":[{"embeddable":true,"href":"https:\/\/guineechrono.com\/index.php\/wp-json\/wp\/v2\/users\/2"}],"replies":[{"embeddable":true,"href":"https:\/\/guineechrono.com\/index.php\/wp-json\/wp\/v2\/comments?post=23181"}],"version-history":[{"count":0,"href":"https:\/\/guineechrono.com\/index.php\/wp-json\/wp\/v2\/posts\/23181\/revisions"}],"wp:featuredmedia":[{"embeddable":true,"href":"https:\/\/guineechrono.com\/index.php\/wp-json\/wp\/v2\/media\/23182"}],"wp:attachment":[{"href":"https:\/\/guineechrono.com\/index.php\/wp-json\/wp\/v2\/media?parent=23181"}],"wp:term":[{"taxonomy":"category","embeddable":true,"href":"https:\/\/guineechrono.com\/index.php\/wp-json\/wp\/v2\/categories?post=23181"},{"taxonomy":"post_tag","embeddable":true,"href":"https:\/\/guineechrono.com\/index.php\/wp-json\/wp\/v2\/tags?post=23181"}],"curies":[{"name":"wp","href":"https:\/\/api.w.org\/{rel}","templated":true}]}}