{"id":23184,"date":"2021-03-09T04:33:20","date_gmt":"2021-03-09T03:33:20","guid":{"rendered":"https:\/\/guineechrono.com\/?p=23184"},"modified":"2021-03-09T04:33:20","modified_gmt":"2021-03-09T03:33:20","slug":"conakry-la-journee-internationale-des-droits-des-femmes-celebree-autrement","status":"publish","type":"post","link":"https:\/\/guineechrono.com\/index.php\/conakry-la-journee-internationale-des-droits-des-femmes-celebree-autrement\/","title":{"rendered":"Conakry: la journ\u00e9e internationale des droits des femmes c\u00e9l\u00e9br\u00e9e autrement"},"content":{"rendered":"<p><strong>Ce lundi, 08 mars 2021, l\u2019humanit\u00e9 a c\u00e9l\u00e9br\u00e9 la journ\u00e9e internationale des droits des femmes dans un contexte o\u00f9 la pand\u00e9mie coronavirus s\u00e9vi dans le monde entier.<\/strong><\/p>\n<p>En Guin\u00e9e cette c\u00e9l\u00e9bration n\u2019a pas connue un engouement habituel \u00e0 raison de la pand\u00e9mie Covid-19 et Ebola. En lieu et place de la c\u00e9r\u00e9monie grandiose, le d\u00e9partement des droits et de l\u2019autonomisation des femmes a organis\u00e9 une rencontre d\u2019\u00e9change et de partage d\u2019exp\u00e9rience \u00e0 Conakry. Leadership f\u00e9minin en lien avec Covid 19, la violence faite aux femmes et l\u2019entrepreneuriat des femmes ont \u00e9t\u00e9 des th\u00e8mes d\u00e9battus au cours de cette rencontre qui a mobilis\u00e9 des dizaines de femmes venues dans les cinq communes de la capitale.<\/p>\n<p>Dans son intervention, Hawa Beavogui, Ministre des droits et de l\u2019autonomisation des femmes a rappel\u00e9 la particularit\u00e9 de la f\u00eate de cette ann\u00e9e. \u00ab\u00a0Je commencerai par souhaiter une tr\u00e8s bonne f\u00eate \u00e0 toutes les femmes et filles du monde et de Guin\u00e9e, cette journ\u00e9e de 8 mars, c\u2019est de c\u00e9l\u00e9brer l\u2019avanc\u00e9 des droits des femmes \u00e0 travers le monde. Nous avons l\u2019habitude de faire une forte mobilisation au palais du peuple, mais vu le contexte sanitaire li\u00e9 \u00e0 la covid-19, le gouvernement a report\u00e9 la c\u00e9l\u00e9bration de cette ann\u00e9e. Tout de m\u00eame nous avons jug\u00e9 utile de d\u00e9cliner d\u2019autres activit\u00e9s notamment de l\u2019organisation de panel autour du th\u00e8me leadership f\u00e9minin en lien avec Covid 19, la violence faite aux femmes et l\u2019entrepreneuriat des femmes\u00a0\u00bb, a-t-il indiqu\u00e9.<\/p>\n<p>De son c\u00f4t\u00e9, Sama Kaba, Secr\u00e9taire g\u00e9n\u00e9rale du Minist\u00e8re de l\u2019action sociale et de l\u2019enfance s\u2019est r\u00e9joui de la qualit\u00e9 des \u00e9changes avant d\u2019inviter les femmes \u00e0 faire la sensibilisation dans les lieux publics afin de limiter la propagation de la maladie covid-19 et Ebola.<br \/>\n\u00ab\u00a0Madame la ministre des droits et de l\u2019autonomisation des femmes nous a invit\u00e9 pour venir parler de leadership f\u00e9minin \u00e0 l\u2019occasion de la f\u00eate internationale des femmes. Dans les \u00e9changes, nous avons compris qu\u2019une femme leader doit \u00eatre une bonne citoyenne, une patriote. Deuxi\u00e8ment, elle doit avoir la vision sur l\u2019entrepreneuriat f\u00e9minin, l\u2019autonomisation des femmes et troisi\u00e8ment, elle doit oser et inspirer. Pour \u00e7a il y a beaucoup de crit\u00e8res par rapport au leadership f\u00e9minin. Les femmes de Conakry ont fait des panels, nous avons parl\u00e9 de l\u2019autonomisation des femmes. Ensuite les autres femmes \u00e0 travers la Guin\u00e9e doivent faire la sensibilisation dans les Mosqu\u00e9es, dans les \u00c9glises, dans les march\u00e9s, dans les \u00e9coles partout pour \u00e9viter la contamination de la pand\u00e9mie covid-19 et bola. La sensibilisation doit \u00eatre \u00e0 tous les niveaux pour ne pas que ces maladies s\u2019aggravent, il faut se laver la main, porter les bavettes et \u00e9viter les personnes contacts\u00a0\u00bb.<\/p>\n<p><strong>Barry <\/strong><\/p>\n","protected":false},"excerpt":{"rendered":"<p>Ce lundi, 08 mars 2021, l\u2019humanit\u00e9 a c\u00e9l\u00e9br\u00e9 la journ\u00e9e internationale des droits des femmes dans un contexte o\u00f9 la pand\u00e9mie coronavirus s\u00e9vi dans le monde entier. En Guin\u00e9e cette c\u00e9l\u00e9bration n\u2019a pas connue un engouement habituel \u00e0 raison de la pand\u00e9mie Covid-19 et Ebola. En lieu et place de la c\u00e9r\u00e9monie grandiose, le d\u00e9partement [&hellip;]<\/p>\n","protected":false},"author":2,"featured_media":23186,"comment_status":"open","ping_status":"closed","sticky":false,"template":"","format":"standard","meta":{"buzzeditor_post_format":"","footnotes":""},"categories":[42],"tags":[],"class_list":["post-23184","post","type-post","status-publish","format-standard","has-post-thumbnail","hentry","category-news"],"jetpack_featured_media_url":"https:\/\/guineechrono.com\/wp-content\/uploads\/2021\/03\/hawa.jpg","amp_enabled":true,"_links":{"self":[{"href":"https:\/\/guineechrono.com\/index.php\/wp-json\/wp\/v2\/posts\/23184","targetHints":{"allow":["GET"]}}],"collection":[{"href":"https:\/\/guineechrono.com\/index.php\/wp-json\/wp\/v2\/posts"}],"about":[{"href":"https:\/\/guineechrono.com\/index.php\/wp-json\/wp\/v2\/types\/post"}],"author":[{"embeddable":true,"href":"https:\/\/guineechrono.com\/index.php\/wp-json\/wp\/v2\/users\/2"}],"replies":[{"embeddable":true,"href":"https:\/\/guineechrono.com\/index.php\/wp-json\/wp\/v2\/comments?post=23184"}],"version-history":[{"count":0,"href":"https:\/\/guineechrono.com\/index.php\/wp-json\/wp\/v2\/posts\/23184\/revisions"}],"wp:featuredmedia":[{"embeddable":true,"href":"https:\/\/guineechrono.com\/index.php\/wp-json\/wp\/v2\/media\/23186"}],"wp:attachment":[{"href":"https:\/\/guineechrono.com\/index.php\/wp-json\/wp\/v2\/media?parent=23184"}],"wp:term":[{"taxonomy":"category","embeddable":true,"href":"https:\/\/guineechrono.com\/index.php\/wp-json\/wp\/v2\/categories?post=23184"},{"taxonomy":"post_tag","embeddable":true,"href":"https:\/\/guineechrono.com\/index.php\/wp-json\/wp\/v2\/tags?post=23184"}],"curies":[{"name":"wp","href":"https:\/\/api.w.org\/{rel}","templated":true}]}}