{"id":23198,"date":"2021-03-09T18:24:41","date_gmt":"2021-03-09T17:24:41","guid":{"rendered":"https:\/\/guineechrono.com\/?p=23198"},"modified":"2021-03-09T18:24:41","modified_gmt":"2021-03-09T17:24:41","slug":"senegal-le-mouvement-de-defense-de-la-democratie-suspend-les-manifestations","status":"publish","type":"post","link":"https:\/\/guineechrono.com\/index.php\/senegal-le-mouvement-de-defense-de-la-democratie-suspend-les-manifestations\/","title":{"rendered":"S\u00e9n\u00e9gal: le Mouvement de d\u00e9fense de la d\u00e9mocratie suspend les manifestations"},"content":{"rendered":"<p>Apr\u00e8s plusieurs jours de col\u00e8re violente, plusieurs morts et une mobilisation anti-r\u00e9gime qui d\u00e9passe l&rsquo;affaire Sonko,\u00a0le Mouvement de\u00a0d\u00e9fense de la d\u00e9mocratie (M2D) au S\u00e9n\u00e9gal appelle \u00e0 suspendre les manifestations. Le mouvement regroupe des partis d\u2019opposition, dont le Pastef d\u2019Ousmane Sonko, ainsi que des mouvements comme Y\u2019en a Marre.<\/p>\n<p>Le M2D souhaite donc une pause avant d&rsquo;en dire plus sur la suite. Un appel \u00e0 suspendre les manifestations pr\u00e9vues jusqu\u2019\u00e0 demain. Le mouvement doit tenir\u00a0une conf\u00e9rence de presse \u00e0 17h au si\u00e8ge du parti Pastef pour se prononcer sur \u00ab\u00a0<em>la suite de la lutte<\/em>\u00a0\u00bb.<\/p>\n<p>Dans son communiqu\u00e9, le mouvement ne pr\u00e9cise pas les raisons de cet appel \u00e0 suspendre la mobilisation, mais il annonce qu\u2019il r\u00e9affirmera \u00ab\u00a0<em>ses exigences dont la lib\u00e9ration imm\u00e9diate, et sans conditions de tous les prisonniers politiques<\/em>\u00a0\u00bb. Le mouvement annoncera aussi \u00ab\u00a0<em>un nouveau mot d\u2019ordre concernant la date, le lieu et la forme des prochaines manifestations<\/em>\u00a0\u00bb.<\/p>\n<p>C&rsquo;est un nouveau d\u00e9veloppement, alors que lundi Ousmane Sonko avait appel\u00e9 \u00e0 poursuivre la mobilisation de mani\u00e8re pacifique. Dans sa d\u00e9claration, l\u2019opposant s\u2019en est pris au pr\u00e9sident Macky Sall, qu\u2019il accuse d\u2019avoir \u00ab<em>\u00a0trahi le peuple s\u00e9n\u00e9galais<\/em>\u00a0\u00bb. Pour lui, le chef de l\u2019\u00c9tat \u00ab\u00a0<em>n\u2019est plus l\u00e9gitime<\/em>\u00a0\u00bb pour diriger le pays. \u00ab<em> La r\u00e9volution est en marche [&#8230;], la peur a chang\u00e9 de camp\u00a0<\/em>\u00bb, disait-il. Et il a appel\u00e9 le chef de l\u2019\u00c9tat \u00e0 clarifier ses intentions pour la prochaine pr\u00e9sidentielle de 2024, \u00e0 lever le doute sur une \u00e9ventuelle candidature \u00e0 un 3e mandat.<\/p>\n<p><strong>Un \u00ab\u00a0<em>appel au calme et \u00e0 la retenue\u00a0<\/em>\u00bb du pr\u00e9sident Sall<\/strong><\/p>\n<p>Le pr\u00e9sident Macky Sall s\u2019est, lui aussi, exprim\u00e9 dans la soir\u00e9e. Sa d\u00e9claration \u00e9tait tr\u00e8s attendue apr\u00e8s les troubles de ces derniers jours. Il a lanc\u00e9 un \u00ab\u00a0<em>appel au calme et \u00e0 la retenue\u00a0<\/em>\u00bb. Dans un message \u00e0 la Nation diffus\u00e9 \u00e0 la t\u00e9l\u00e9vision nationale d\u2019un peu plus de dix\u00a0minutes, le chef de l\u2019\u00c9tat a plaid\u00e9 pour l\u2019apaisement, \u00ab\u00a0<em>le dialogue et la concertation<\/em>\u00a0\u00bb. Il assure avoir \u00ab <em>compris [&#8230;] les inqui\u00e9tudes et pr\u00e9occupations des jeunes\u00a0<\/em>\u00bb. \u00ab<em>\u00a0La col\u00e8re exprim\u00e9e ces derniers jours est aussi li\u00e9e \u00e0 l\u2019impact d\u2019une crise \u00e9conomique aggrav\u00e9e par la pand\u00e9mie de Covid-19<\/em>\u00a0\u00bb, a dit le chef de l\u2019\u00c9tat. Il promet une r\u00e9orientation budg\u00e9taire pour r\u00e9pondre aux besoins de la jeunesse en mati\u00e8re de formation et d\u2019emploi.<\/p>\n<p>Dans l\u2019imm\u00e9diat, le couvre-feu sanitaire est all\u00e9g\u00e9 dans les r\u00e9gions de Dakar et Thi\u00e8s :\u00a0il d\u00e9bute \u00e0 minuit, au lieu de 21h, jusqu\u2019\u00e0 5 heures du matin. Et sur l\u2019aspect judiciaire de la crise, Macky Sall a appel\u00e9 \u00e0 laisser \u00ab<em>\u00a0la justice suivre son cours en toute ind\u00e9pendance\u00a0<\/em>\u00bb.<\/p>\n<p><strong>rfi<\/strong><\/p>\n","protected":false},"excerpt":{"rendered":"<p>Apr\u00e8s plusieurs jours de col\u00e8re violente, plusieurs morts et une mobilisation anti-r\u00e9gime qui d\u00e9passe l&rsquo;affaire Sonko,\u00a0le Mouvement de\u00a0d\u00e9fense de la d\u00e9mocratie (M2D) au S\u00e9n\u00e9gal appelle \u00e0 suspendre les manifestations. Le mouvement regroupe des partis d\u2019opposition, dont le Pastef d\u2019Ousmane Sonko, ainsi que des mouvements comme Y\u2019en a Marre. Le M2D souhaite donc une pause avant [&hellip;]<\/p>\n","protected":false},"author":2,"featured_media":23199,"comment_status":"open","ping_status":"closed","sticky":false,"template":"","format":"standard","meta":{"buzzeditor_post_format":"","footnotes":""},"categories":[42],"tags":[],"class_list":["post-23198","post","type-post","status-publish","format-standard","has-post-thumbnail","hentry","category-news"],"jetpack_featured_media_url":"https:\/\/guineechrono.com\/wp-content\/uploads\/2021\/03\/senegal.jpg","amp_enabled":true,"_links":{"self":[{"href":"https:\/\/guineechrono.com\/index.php\/wp-json\/wp\/v2\/posts\/23198","targetHints":{"allow":["GET"]}}],"collection":[{"href":"https:\/\/guineechrono.com\/index.php\/wp-json\/wp\/v2\/posts"}],"about":[{"href":"https:\/\/guineechrono.com\/index.php\/wp-json\/wp\/v2\/types\/post"}],"author":[{"embeddable":true,"href":"https:\/\/guineechrono.com\/index.php\/wp-json\/wp\/v2\/users\/2"}],"replies":[{"embeddable":true,"href":"https:\/\/guineechrono.com\/index.php\/wp-json\/wp\/v2\/comments?post=23198"}],"version-history":[{"count":0,"href":"https:\/\/guineechrono.com\/index.php\/wp-json\/wp\/v2\/posts\/23198\/revisions"}],"wp:featuredmedia":[{"embeddable":true,"href":"https:\/\/guineechrono.com\/index.php\/wp-json\/wp\/v2\/media\/23199"}],"wp:attachment":[{"href":"https:\/\/guineechrono.com\/index.php\/wp-json\/wp\/v2\/media?parent=23198"}],"wp:term":[{"taxonomy":"category","embeddable":true,"href":"https:\/\/guineechrono.com\/index.php\/wp-json\/wp\/v2\/categories?post=23198"},{"taxonomy":"post_tag","embeddable":true,"href":"https:\/\/guineechrono.com\/index.php\/wp-json\/wp\/v2\/tags?post=23198"}],"curies":[{"name":"wp","href":"https:\/\/api.w.org\/{rel}","templated":true}]}}