{"id":23518,"date":"2021-04-01T18:30:18","date_gmt":"2021-04-01T17:30:18","guid":{"rendered":"https:\/\/guineechrono.com\/?p=23518"},"modified":"2021-04-01T18:30:18","modified_gmt":"2021-04-01T17:30:18","slug":"guinee-voici-le-compte-rendu-du-conseil-des-ministres-du-jeudi-1er-avril-2021","status":"publish","type":"post","link":"https:\/\/guineechrono.com\/index.php\/guinee-voici-le-compte-rendu-du-conseil-des-ministres-du-jeudi-1er-avril-2021\/","title":{"rendered":"Guin\u00e9e : voici le compte-rendu du conseil des ministres du jeudi, 1er avril 2021"},"content":{"rendered":"<p><strong>Conakry, le 01 Avril 2021<\/strong>\u00a0\u2013 Sous la pr\u00e9sidence de son Excellence Monsieur le Pr\u00e9sident de la R\u00e9publique, le Conseil des Ministres a tenu sa session ordinaire ce jeudi, 1er Avril 2021, par visioconf\u00e9rence, de 11h \u00e0 13H, avec l\u2019ordre du Jour suivant :<\/p>\n<ol>\n<li><strong> MESSAGE DE SON EXCELLENCE MONSIEUR LE PRESIDENT DE LA REPUBLIQUE<\/strong><\/li>\n<li><strong> COMPTE RENDU DE LA SESSION ORDINAIRE DU CONSEIL INTERMINISTERIEL DU MARDI, 30 MARS 2021<\/strong><\/li>\n<\/ol>\n<p><strong>III. QUESTIONS DIVERSES<\/strong><\/p>\n<p><strong>Au titre du premier point de l\u2019ordre du jour<\/strong><\/p>\n<p><strong>Le Pr\u00e9sident de la R\u00e9publique<\/strong>\u00a0a r\u00e9it\u00e9r\u00e9 ses directives relatives au strict respect par les membres du Gouvernement des r\u00e8gles de bonne gouvernance, conform\u00e9ment au concept \u00ab\u00a0Gouverner autrement\u00a0\u00bb qui doit inspirer tous les d\u00e9cideurs politiques et tous les cadres de notre administration. Il a insist\u00e9 sur la nouvelle orientation de la gestion publique bas\u00e9e sur la lutte contre la corruption, la fraude, l\u2019\u00e9vasion fiscale, le n\u00e9potisme, le laisser aller, et tous ces fl\u00e9aux qui gangr\u00e8nent notre administration et emp\u00eachent le d\u00e9veloppement rapide de notre pays et l\u2019\u00e9panouissement de notre nation.<\/p>\n<p><strong>Le Chef de l\u2019Etat<\/strong>\u00a0a donn\u00e9 des instructions fermes pour l\u2019ach\u00e8vement des op\u00e9rations de digitalisation des services des douanes et des imp\u00f4ts \u00e0 fin Avril afin que les efforts de modernisation soient consacr\u00e9s \u00e0 d\u2019autres services et r\u00e9gies financi\u00e8res<\/p>\n<p><strong>Le Pr\u00e9sident de la R\u00e9publique<\/strong>\u00a0a instruit le Gouvernement de proc\u00e9der \u00e0 la modification des statuts de certaines directions nationales en vue de leur conf\u00e9rer le statut de Directions G\u00e9n\u00e9rales disposant de plus d\u2019autonomie administrative et financi\u00e8re. L\u2019objectif \u00e9tant de placer ces services dans les meilleures conditions d\u2019atteinte des objectifs d\u00e9finis par leurs contrats de performance<\/p>\n<p><strong>Le Chef de l\u2019Etat\u00a0<\/strong>a donn\u00e9 au Conseil des directives rappelant les conditions de d\u00e9signation des cadres des administrations publiques, en particulier la n\u00e9cessit\u00e9 de proc\u00e9der \u00e0 une v\u00e9ritable ad\u00e9quation entre le profil et le poste \u00e0 pourvoir afin de mettre \u00ab\u00a0l\u2019homme qu\u2019il faut \u00e0 la place qu\u2019il faut\u00a0\u00bb<\/p>\n<p><strong>Le Pr\u00e9sident de la R\u00e9publique<\/strong>\u00a0a instruit au respect des attributions d\u00e9sormais d\u00e9volues \u00e0 la Pharmacie Centrale de Guin\u00e9e (PCG), relativement \u00e0 l\u2019exclusivit\u00e9 qui lui est accord\u00e9e, dans le cadre de ses\u00a0\u00a0\u00a0 \u00a0nouveaux statuts, pour l\u2019importation de mat\u00e9riels et produits pharmaceutiques pour le compte de l\u2019Etat<\/p>\n<p><strong>Le Chef de l\u2019Etat<\/strong>\u00a0a d\u00e9plor\u00e9 le retard accus\u00e9 par la mise en place de la commission nationale charg\u00e9e de fixer les r\u00e8gles, les proc\u00e9dures et les montants de d\u00e9dommagement des personnes impact\u00e9es par les projets d\u2019infrastructures publiques, en particulier ceux financ\u00e9s par les bailleurs de fonds internationaux, Il a invit\u00e9 les d\u00e9partements minist\u00e9riels concern\u00e9s \u00e0 proc\u00e9der sans d\u00e9lai \u00e0 la r\u00e9alisation des diligences n\u00e9cessaires \u00e0 cette fin pour \u00e9viter tout retard suppl\u00e9mentaire dans la r\u00e9alisation des travaux dont le d\u00e9marrage est conditionn\u00e9 par l\u2019indemnisation et le d\u00e9guerpissement des populations riveraines.<\/p>\n<p><strong>Au titre du deuxi\u00e8me point de l\u2019ordre du jour, Monsieur le Premier Ministre a fait le compte rendu de la session ordinaire du Conseil Interminist\u00e9riel du 30 Mars 2021.<\/strong><\/p>\n<p>A ce titre le Conseil a entendu successivement<\/p>\n<p><strong>1-\u00a0\u00a0\u00a0Le Ministre de l\u2019Environnement, des Eaux et For\u00eats\u00a0<\/strong>qui a soumis un projet de D\u00e9cret portant cr\u00e9ation du Parc National du Moyen Bafing.<\/p>\n<p><strong>2-\u00a0\u00a0\u00a0Le Ministre des Postes, T\u00e9l\u00e9communications et de l\u2019Economie Num\u00e9rique\u00a0<\/strong>qui a pr\u00e9sent\u00e9 un projet de D\u00e9cret portant cr\u00e9ation et fixant les Statuts de la Soci\u00e9t\u00e9 Publique \u00ab\u00a0LA POSTE GUINEENNE S.A\u00a0\u00bb.<\/p>\n<p><strong>3-\u00a0\u00a0\u00a0Le Ministre de l\u2019Enseignement Sup\u00e9rieur et de la Recherche Scientifique\u00a0<\/strong>qui a fait une communication relative \u00e0 la tenue de la 43\u00e8me session des Comit\u00e9s Consultatifs Interafricains du CAMES, pr\u00e9vue du 05 au 09 juillet 2021, \u00e0 Conakry.<\/p>\n<p><strong>4-\u00a0\u00a0\u00a0<\/strong>Le\u00a0<strong>Ministre de la Sant\u00e9 qui a pr\u00e9sent\u00e9 un\u00a0<\/strong>Compte rendu relatif \u00e0 l\u2019\u00e9volution de la riposte \u00e0 la pand\u00e9mie de la Covid-19 et \u00e0 l\u2019\u00e9pid\u00e9mie d\u2019Ebola en R\u00e9publique de Guin\u00e9e.<\/p>\n<p><strong>5-\u00a0\u00a0\u00a0Le Ministre des Affaires Etrang\u00e8res et des Guin\u00e9ens de l\u2019Etranger qui a fait au Conseil le\u00a0<\/strong>Compte rendu de mission de travail en Egypte et au Maroc, du 12 au 21 Mars.<\/p>\n<p><strong>6-\u00a0\u00a0\u00a0La Ministre de l\u2019Energie\u00a0<\/strong>qui a soumis le Compte rendu de mission de travail en Egypte.<\/p>\n<p><strong>Dans ce cadre,<\/strong><\/p>\n<p><strong>Le Ministre de l\u2019Environnement, des Eaux et For\u00eats\u00a0a soumis pour examen le projet de D\u00e9cret portant cr\u00e9ation du Parc National du Moyen Bafing.<\/strong><\/p>\n<p>Il a indiqu\u00e9 que l\u2019\u00e9laboration de ce projet de d\u00e9cret s\u2019inscrit dans le cadre de la mise en \u0153uvre du pilier 4 du PNDES \u00ab\u00a0Gestion durable du capital naturel\u00a0\u00bb et du respect des engagements internationaux pris par la R\u00e9publique de Guin\u00e9e en mati\u00e8re de protection de l\u2019environnement et de gestion durable des ressources naturelles.<\/p>\n<p>Les \u00e9tudes r\u00e9alis\u00e9es ont montr\u00e9 que la R\u00e9publique de Guin\u00e9e abrite dans la zone du Moyen Bafing, plus de 60% de la population de chimpanz\u00e9s d\u2019Afrique de l\u2019Ouest ainsi que d\u2019autres esp\u00e8ces animales embl\u00e9matiques, de mammif\u00e8res, d\u2019oiseaux, de poissons et de diverses esp\u00e8ces v\u00e9g\u00e9tales, dont plusieurs pr\u00e9sentent un int\u00e9r\u00eat particulier pour la recherche scientifique.<\/p>\n<p>Le Ministre a expliqu\u00e9 que le D\u00e9cret porte sur l\u2019\u00e9rection de cette zone du Moyen Bafing en Parc National pour assurer la protection de la diversit\u00e9 biologique, le d\u00e9veloppement du tourisme et l\u2019am\u00e9lioration des conditions de vie des populations riveraines estim\u00e9es \u00e0 36.000 habitants.<\/p>\n<p>En outre, le Code de protection de la faune ainsi que l\u2019Union Internationale pour la Conservation de la Nature (UICN) ont class\u00e9 le Chimpanz\u00e9 comme esp\u00e8ce int\u00e9gralement prot\u00e9g\u00e9e qui est en danger critique d\u2019extinction, c\u2019est-\u00e0-dire au dernier stade avant sa disparition d\u00e9finitive \u00e0 l\u2019\u00e9tat sauvage.<\/p>\n<p>L\u2019initiative sur le Parc du Moyen Bafing s\u2019inscrit dans un processus de compensation \u00e9cologique des impacts r\u00e9siduels de l\u2019exploitation mini\u00e8re soutenue par la Compagnie des Bauxites de Guin\u00e9e (CBG), Guinea Alumina Corporation (GAC) et la Soci\u00e9t\u00e9 Financi\u00e8re Internationale (SFI).<\/p>\n<p>Il a rappel\u00e9 que le processus de cr\u00e9ation du Parc National du Moyen-Bafing a \u00e9t\u00e9 lanc\u00e9 en 2017 par la mise en place d\u2019une Commission Interminist\u00e9rielle charg\u00e9e de l\u2019animation et du suivi du processus.<\/p>\n<p><strong>Au terme des d\u00e9bats,\u00a0<\/strong>le conseil ayant not\u00e9\u00a0(i) l\u2019implication de l\u2019ensemble des acteurs dans le processus d\u2019\u00e9laboration du document\u00a0; (ii) la prise en compte de l\u2019\u00e9conomie verte dont le d\u00e9veloppement des diff\u00e9rentes dimensions sera mis en \u0153uvre d\u00e8s apr\u00e8s la cr\u00e9ation du Parc National, a adopt\u00e9 le projet de D\u00e9cret portant Cr\u00e9ation du Parc National du Moyen Bafing en recommandant qu\u2019il soit sp\u00e9cifi\u00e9 par ailleurs dans un document s\u00e9par\u00e9, les obligations de l\u2019op\u00e9rateur retenu qui doit s\u2019engager \u00e0 garantir le transfert de comp\u00e9tence au profit de nationaux dans un d\u00e9lai \u00e0 pr\u00e9ciser.<\/p>\n<p><strong>Le Ministre des Postes, T\u00e9l\u00e9communications et de l\u2019Economie Num\u00e9rique\u00a0a soumis pour examen le projet de D\u00e9cret portant cr\u00e9ation et fixant les Statuts de la Soci\u00e9t\u00e9 Publique \u00ab\u00a0LA POSTE GUINEENNE S.A\u00a0\u00bb.\u00a0\u00a0\u00a0\u00a0<\/strong><\/p>\n<p>Il a indiqu\u00e9 que la r\u00e9forme de l\u2019Office de la Poste Guin\u00e9enne (OPG) s\u2019inscrit dans le cadre d\u2019un programme de mutation statutaire d\u2019un Etablissement Public \u00e0 Caract\u00e8re Industriel et Commercial (EPIC) se transformant en Soci\u00e9t\u00e9 Anonyme (SA), conform\u00e9ment \u00e0 la Loi 056 du 08 D\u00e9cembre 2017, portant gouvernance financi\u00e8re des soci\u00e9t\u00e9s et \u00e9tablissements publics en Guin\u00e9e.<\/p>\n<p>Il s\u2019agit aussi de rendre conforme les statuts de l\u2019OPG, au trait\u00e9 unifi\u00e9 de l\u2019OHADA. En plus de ces raisons, s\u2019ajoute \u00e9galement la volont\u00e9 du Minist\u00e8re de moderniser la Poste pour une meilleure rentabilit\u00e9 financi\u00e8re en faveur du Tr\u00e9sor public.<\/p>\n<p>Le Ministre a expliqu\u00e9 que les axes de la r\u00e9forme abordent le changement de la forme juridique, le renforcement de la gouvernance et la gestion financi\u00e8re ainsi que le redressement op\u00e9rationnel.<\/p>\n<p>Aussi, en identifiant l\u2019origine des ressources financi\u00e8res de la nouvelle entit\u00e9, dont la d\u00e9nomination est la Poste Guin\u00e9enne SA, en abr\u00e9g\u00e9 PG S.A, les nouveaux statuts renforcent et s\u00e9curisent la gestion financi\u00e8re et comptable.<\/p>\n<p>Le Ministre a soutenu que comme impact \u00e9conomique, la mise en place des services financiers postaux, permettra \u00e0 la Poste de participer activement au d\u00e9veloppement du pays. Car, \u00e0 travers son r\u00e9seau \u00e9tendu, elle facilitera l\u2019acc\u00e8s des populations \u00e0 ses prestations, contribuant ainsi \u00e0 la mobilisation de l\u2019\u00e9pargne, \u00e0 la vente des produits de micro finance et \u00e0 la bancarisation de l\u2019\u00e9conomie.<\/p>\n<p><strong>Au terme des d\u00e9bats,\u00a0<\/strong>le conseil a sous r\u00e9serve des observations formul\u00e9es, a adopt\u00e9 le projet de d\u00e9cret de cr\u00e9ation de la Poste Guin\u00e9enne S.A.<\/p>\n<p><strong>Le Ministre de l\u2019Enseignement Sup\u00e9rieur et de la Recherche Scientifique a fait une communication relative \u00e0 la tenue de la 43\u00e8me session des Comit\u00e9s Consultatifs Interafricains du CAMES, du 05 au 09 juillet 2021, \u00e0 Conakry.<\/strong><\/p>\n<p>Il a indiqu\u00e9 que le Conseil Africain et Malgache pour l\u2019Enseignement Sup\u00e9rieur (CAMES) est l\u2019instance acad\u00e9mique interafricaine de 19 Etats membres, charg\u00e9e d\u2019organiser et de g\u00e9rer la promotion des Enseignants-Chercheurs et Chercheurs en poste dans les Universit\u00e9s et Institutions de Recherche.<\/p>\n<p>En plus des programmes, le CAMES a cr\u00e9\u00e9 en 2002 l\u2019Ordre International des Palmes Acad\u00e9miques (OIPA\/CAMES) pour reconnaitre l\u2019action pertinente des politiques, enseignants-chercheurs ou chercheurs, des personnes de la soci\u00e9t\u00e9 civile ou des organismes dans la promotion de l\u2019enseignement sup\u00e9rieur et de la recherche scientifique dans leur pays ou au plan continental. Ces palmes acad\u00e9miques sont dans l\u2019ordre croissant\u00a0: Grade de Chevalier, Grade d\u2019Officier, Grade de Commandeur, Dignit\u00e9 de Grand Officier\u00a0et Dignit\u00e9 de Grand-Croix.<\/p>\n<p>Le Ministre a inform\u00e9 que dans le rapport de l\u2019Ordre International des Palmes Acad\u00e9miques, le CAMES fait mention d\u2019une r\u00e9solution qui a \u00e9t\u00e9 prise lors de la 35\u00e8me session du Conseil des Ministres \u00e0 Ouagadougou du 28 au 31 Mai 2018, pour \u00e9lever SEM Monsieur le Pr\u00e9sident de la R\u00e9publique, Pr Alpha CONDE, \u00e0 la dignit\u00e9 de Grand-Croix de l\u2019Ordre International des Palmes Acad\u00e9miques.<\/p>\n<p>Il a rappel\u00e9 que la Guin\u00e9e est membre fondateur du CAMES et s\u2019acquitte r\u00e9guli\u00e8rement de toutes ses obligations financi\u00e8res vis-\u00e0-vis de cette instance et a r\u00e9alis\u00e9 de nombreuses activit\u00e9s depuis son adh\u00e9sion au CAMES.<\/p>\n<p>Il a annonc\u00e9 qu\u2019\u00e0 la faveur de l\u2019adoption du chronogramme 2020-2029 des rotations des programmes des activit\u00e9s du CAMES lors de la 36\u00e8me session ordinaire du Conseil des Ministres, tenue \u00e0 Cotonou (B\u00e9nin), en juin 2019, trois activit\u00e9s ont \u00e9t\u00e9 programm\u00e9es pour la Guin\u00e9e. Il s\u2019agit de\u00a0:<\/p>\n<p>\u2013\u00a0\u00a0\u00a0\u00a0\u00a0\u00a0\u00a0\u00a0la session 2021 des Comit\u00e9s Consultatifs Interafricains (CCI)\u00a0;<\/p>\n<p>\u2013\u00a0\u00a0\u00a0\u00a0\u00a0\u00a0\u00a0\u00a0le Concours d\u2019Agr\u00e9gation en M\u00e9decine Humaine et V\u00e9t\u00e9rinaire en 2022\u00a0;<\/p>\n<p>\u2013\u00a0\u00a0\u00a0\u00a0\u00a0\u00a0\u00a0\u00a0le Concours d\u2019Agr\u00e9gation en Sciences Juridiques, Economiques et de Gestion en 2029.<\/p>\n<p>C\u2019est dans ce cadre que la session des Comit\u00e9s Consultatifs Interafricains est pr\u00e9vue du 05 au 09 Juillet 2021 \u00e0 Conakry et portera sur\u00a0:<\/p>\n<p>\u2013\u00a0\u00a0\u00a0\u00a0\u00a0\u00a0\u00a0\u00a0les travaux de l\u2019instance de supervision, le Comit\u00e9 Consultatif G\u00e9n\u00e9ral (CCG), o\u00f9 si\u00e8gent les Recteurs, Pr\u00e9sidents d\u2019Universit\u00e9s et Directeurs Nationaux de la Recherche.<\/p>\n<p>\u2013\u00a0\u00a0\u00a0\u00a0\u00a0\u00a0\u00a0\u00a0les Instances d\u2019\u00e9valuation, les Comit\u00e9s Techniques Sp\u00e9cialis\u00e9s (CTS), compos\u00e9s des experts des pays membres, au nombre de 08 (huit).<\/p>\n<p>Prendront part \u00e0 cette rencontre de Conakry une centaine de participants venant de tous les pays membres du CAMES.<\/p>\n<p>Le Ministre a sollicit\u00e9 l\u2019organisation d\u2019une telle rencontre qui permettrait \u00e0 la fois d\u2019honorer Son Excellence Monsieur le Pr\u00e9sident de la R\u00e9publique par la remise de la plus haute distinction du CAMES et de rehausser l\u2019enseignement sup\u00e9rieur guin\u00e9en par une meilleure visibilit\u00e9 de nos Institutions d\u2019Enseignement Sup\u00e9rieur et de Recherche dans l\u2019espace CAMES et \u00e0 l\u2019\u00e9chelle internationale.<\/p>\n<p><strong>Au terme de la pr\u00e9sentation,\u00a0<\/strong>le conseil a favorablement accueilli la tenue de la 43\u00e8me Session des Comit\u00e9s Consultatifs Interafricains compte tenu du r\u00f4le important que joue le CAMES dans la qualification de l\u2019enseignement sup\u00e9rieur en Afrique et recommand\u00e9 l\u2019examen d\u00e9taill\u00e9 du budget d\u2019organisation afin de r\u00e9duire au strict minimum les d\u00e9penses \u00e0 la charge de la partie guin\u00e9enne en s\u2019inspirant notamment des exp\u00e9riences v\u00e9cues par des pays qui ont d\u00e9j\u00e0 abrit\u00e9 ces activit\u00e9s.<\/p>\n<p><strong>Le Ministre de la Sant\u00e9 a fait le point de la crise sanitaire et les Ministres en charge des Affaires Etrang\u00e8res et de l\u2019Energie le compte rendu sur le d\u00e9roulement et les r\u00e9sultats de leur mission commune en Egypte.<\/strong><\/p>\n<p><strong>Le Ministre des Affaires Etrang\u00e8res a fait mention de la mission \u00e0 lui confi\u00e9e aupr\u00e8s du Roi du Maroc par Monsieur le Pr\u00e9sident de la R\u00e9publique.\u00a0<\/strong><\/p>\n<p><strong>AU TITRE DES QUESTIONS DIVERSES\u00a0<\/strong><\/p>\n<p><strong>Monsieur le Premier Ministre<\/strong>\u00a0a inform\u00e9 le Conseil de la date convenue avec le Parlement pour la pr\u00e9sentation du Discours de politique g\u00e9n\u00e9rale du gouvernement devant la repr\u00e9sentation nationale. Les ministres ont \u00e9t\u00e9 invit\u00e9s \u00e0 prendre les dispositions n\u00e9cessaires pour y prendre part, le Mercredi 07 Avril prochain, \u00e0 partir de 10H, afin de r\u00e9pondre avec le Chef du Gouvernement, aux questions attendues des d\u00e9put\u00e9s.<\/p>\n<p><strong>Le Ministre en charge de l\u2019Assainissement<\/strong>\u00a0a inform\u00e9 le conseil que le mercredi 31 a eu lieu une c\u00e9r\u00e9monie officielle de remise de 56 camions \u00e0 son d\u00e9partement, dans le cadre de l\u2019assainissement du grand Conakry.<\/p>\n<p><strong>La Ministre des Travaux Publics<\/strong>\u00a0a fait le point de la mise en \u0153uvre de la feuille de route phase I relative aux travaux d\u2019entretien d\u2019urgence des routes. Elle a rassur\u00e9 le Conseil sur les dispositions d\u00e9j\u00e0 prises par son d\u00e9partement pour le respect des d\u00e9lais fix\u00e9s. Elle a inform\u00e9 que les offres des soumissionnaires consult\u00e9s par appel d\u2019offres ouvert, sont disponibles \u00e0 date et que le processus de d\u00e9pouillement est en cours.<\/p>\n<p><strong>Avant de lever la s\u00e9ance le Pr\u00e9sident de la R\u00e9publique a donn\u00e9 au Conseil, de larges informations sur la situation nationale, africaine et internationale<\/strong><\/p>\n<p><strong>Le conseil des Ministres<\/strong><\/p>\n<p>&nbsp;<\/p>\n","protected":false},"excerpt":{"rendered":"<p>Conakry, le 01 Avril 2021\u00a0\u2013 Sous la pr\u00e9sidence de son Excellence Monsieur le Pr\u00e9sident de la R\u00e9publique, le Conseil des Ministres a tenu sa session ordinaire ce jeudi, 1er Avril 2021, par visioconf\u00e9rence, de 11h \u00e0 13H, avec l\u2019ordre du Jour suivant : MESSAGE DE SON EXCELLENCE MONSIEUR LE PRESIDENT DE LA REPUBLIQUE COMPTE RENDU [&hellip;]<\/p>\n","protected":false},"author":2,"featured_media":23519,"comment_status":"open","ping_status":"closed","sticky":false,"template":"","format":"standard","meta":{"buzzeditor_post_format":"","footnotes":""},"categories":[43],"tags":[],"class_list":["post-23518","post","type-post","status-publish","format-standard","has-post-thumbnail","hentry","category-politique"],"jetpack_featured_media_url":"https:\/\/guineechrono.com\/wp-content\/uploads\/2021\/04\/sylla.jpg","amp_enabled":true,"_links":{"self":[{"href":"https:\/\/guineechrono.com\/index.php\/wp-json\/wp\/v2\/posts\/23518","targetHints":{"allow":["GET"]}}],"collection":[{"href":"https:\/\/guineechrono.com\/index.php\/wp-json\/wp\/v2\/posts"}],"about":[{"href":"https:\/\/guineechrono.com\/index.php\/wp-json\/wp\/v2\/types\/post"}],"author":[{"embeddable":true,"href":"https:\/\/guineechrono.com\/index.php\/wp-json\/wp\/v2\/users\/2"}],"replies":[{"embeddable":true,"href":"https:\/\/guineechrono.com\/index.php\/wp-json\/wp\/v2\/comments?post=23518"}],"version-history":[{"count":0,"href":"https:\/\/guineechrono.com\/index.php\/wp-json\/wp\/v2\/posts\/23518\/revisions"}],"wp:featuredmedia":[{"embeddable":true,"href":"https:\/\/guineechrono.com\/index.php\/wp-json\/wp\/v2\/media\/23519"}],"wp:attachment":[{"href":"https:\/\/guineechrono.com\/index.php\/wp-json\/wp\/v2\/media?parent=23518"}],"wp:term":[{"taxonomy":"category","embeddable":true,"href":"https:\/\/guineechrono.com\/index.php\/wp-json\/wp\/v2\/categories?post=23518"},{"taxonomy":"post_tag","embeddable":true,"href":"https:\/\/guineechrono.com\/index.php\/wp-json\/wp\/v2\/tags?post=23518"}],"curies":[{"name":"wp","href":"https:\/\/api.w.org\/{rel}","templated":true}]}}