{"id":23567,"date":"2021-04-05T21:40:01","date_gmt":"2021-04-05T20:40:01","guid":{"rendered":"https:\/\/guineechrono.com\/?p=23567"},"modified":"2021-04-06T18:15:54","modified_gmt":"2021-04-06T17:15:54","slug":"avis-de-recherche","status":"publish","type":"post","link":"https:\/\/guineechrono.com\/index.php\/avis-de-recherche\/","title":{"rendered":"Avis de recherche"},"content":{"rendered":"<aside class=\"mashsb-container mashsb-main mashsb-stretched\">\n<div class=\"mashsb-box\">\n<div class=\"mashsb-buttons\"><a class=\"mashicon-twitter mash-large mash-center mashsb-noshadow\" href=\"https:\/\/twitter.com\/intent\/tweet?text=Avis%20de%20recherche&amp;url=https:\/\/oeildupeuple.info\/index.php\/avis-de-recherche\/\" target=\"_top\" rel=\"nofollow noopener noreferrer\"><span class=\"text\">Tweet<\/span><\/a><\/div>\n<\/div>\n<div><\/div>\n<\/aside>\n<p>La famille de Mamadou Yaya Diallo, \u00e9galement connu sur le sobriquet Demy beney, a \u00e9t\u00e9 port\u00e9 disparu depuis le 28 janvier 2021.<\/p>\n<div>L\u2019inqui\u00e9tude est de plus en plus grande au fil des jours chez les parents et proches de Mamadou Yaya Diallo. Car depuis ce jour la famille n\u2019a pas eu des nouvelles de leur fils. Ni rentr\u00e9e en contact avec lui.<\/div>\n<div>Mamadou Yaya reste introuvable et son t\u00e9l\u00e9phone portable n\u2019\u00e9tait pas en \u00e9tat de fonctionner le jour de sa disparition.<\/div>\n<div>La derni\u00e8re fois qu\u2019il a \u00e9t\u00e9 vu, il \u00e9tait poursuivi par des personnes inconnues, dont nous ignorons leurs intentions.<\/div>\n<div>La famille prie toute personne susceptible de d\u00e9tenir un renseignement sur leur fils Mamadou Yaya, de leur contacter sur les num\u00e9ros indiqu\u00e9s ci-dessous:<\/div>\n<div><\/div>\n<div>T\u00e9l 00224 664 57 41 48 \/ 620 77 28 11<\/div>\n<div><\/div>\n<div>NB: Toute personne qui retrouvera notre fils Mamadou Yaya Diallo sera r\u00e9compens\u00e9e.<\/div>\n","protected":false},"excerpt":{"rendered":"<p>Tweet La famille de Mamadou Yaya Diallo, \u00e9galement connu sur le sobriquet Demy beney, a \u00e9t\u00e9 port\u00e9 disparu depuis le 28 janvier 2021. L\u2019inqui\u00e9tude est de plus en plus grande au fil des jours chez les parents et proches de Mamadou Yaya Diallo. Car depuis ce jour la famille n\u2019a pas eu des nouvelles de [&hellip;]<\/p>\n","protected":false},"author":2,"featured_media":23568,"comment_status":"open","ping_status":"closed","sticky":false,"template":"","format":"standard","meta":{"buzzeditor_post_format":"","footnotes":""},"categories":[2,42],"tags":[],"class_list":["post-23567","post","type-post","status-publish","format-standard","has-post-thumbnail","hentry","category-featured","category-news"],"jetpack_featured_media_url":"https:\/\/guineechrono.com\/wp-content\/uploads\/2021\/04\/IMG_20210405_190010-455x381-1.jpg","amp_enabled":true,"_links":{"self":[{"href":"https:\/\/guineechrono.com\/index.php\/wp-json\/wp\/v2\/posts\/23567","targetHints":{"allow":["GET"]}}],"collection":[{"href":"https:\/\/guineechrono.com\/index.php\/wp-json\/wp\/v2\/posts"}],"about":[{"href":"https:\/\/guineechrono.com\/index.php\/wp-json\/wp\/v2\/types\/post"}],"author":[{"embeddable":true,"href":"https:\/\/guineechrono.com\/index.php\/wp-json\/wp\/v2\/users\/2"}],"replies":[{"embeddable":true,"href":"https:\/\/guineechrono.com\/index.php\/wp-json\/wp\/v2\/comments?post=23567"}],"version-history":[{"count":0,"href":"https:\/\/guineechrono.com\/index.php\/wp-json\/wp\/v2\/posts\/23567\/revisions"}],"wp:featuredmedia":[{"embeddable":true,"href":"https:\/\/guineechrono.com\/index.php\/wp-json\/wp\/v2\/media\/23568"}],"wp:attachment":[{"href":"https:\/\/guineechrono.com\/index.php\/wp-json\/wp\/v2\/media?parent=23567"}],"wp:term":[{"taxonomy":"category","embeddable":true,"href":"https:\/\/guineechrono.com\/index.php\/wp-json\/wp\/v2\/categories?post=23567"},{"taxonomy":"post_tag","embeddable":true,"href":"https:\/\/guineechrono.com\/index.php\/wp-json\/wp\/v2\/tags?post=23567"}],"curies":[{"name":"wp","href":"https:\/\/api.w.org\/{rel}","templated":true}]}}