{"id":23638,"date":"2021-04-10T09:30:49","date_gmt":"2021-04-10T08:30:49","guid":{"rendered":"https:\/\/guineechrono.com\/?p=23638"},"modified":"2021-04-10T09:33:07","modified_gmt":"2021-04-10T08:33:07","slug":"seg-le-nouveau-directeur-general-mamadou-dioulde-diallo-installe-a-ses-fonctions","status":"publish","type":"post","link":"https:\/\/guineechrono.com\/index.php\/seg-le-nouveau-directeur-general-mamadou-dioulde-diallo-installe-a-ses-fonctions\/","title":{"rendered":"SEG: le nouveau directeur g\u00e9n\u00e9ral, Mamadou Diould\u00e9 Diallo  install\u00e9 \u00e0 ses fonctions"},"content":{"rendered":"<p><strong>Suite au d\u00e9cret du pr\u00e9sident Alpha Cond\u00e9, le nouveau directeur g\u00e9n\u00e9ral de la soci\u00e9t\u00e9 des eaux de Guin\u00e9e (SEG), a \u00e9t\u00e9 install\u00e9 dans ses nouvelles fonctions ce vendredi 09 avril 2021 dans l&rsquo;enceinte de ladite soci\u00e9t\u00e9.<\/strong><\/p>\n<p>La passation du service s&rsquo;est d\u00e9roul\u00e9e en pr\u00e9sence de plusieurs\u00a0 autorit\u00e9s gouvernementales et travailleurs de la SEG.<\/p>\n<p>Dans son discours de passation, le directeur sortant Patrice P\u00e9p\u00e9 Loua a exprim\u00e9 sa reconnaissance \u00e0 l\u2019endroit du pr\u00e9sident Alpha Cond\u00e9 de l&rsquo;avoir port\u00e9 confiance de diriger\u00a0 la SEG pendant un an.<\/p>\n<p>Il a aussi \u00a0rappel\u00e9 que la SEG a \u00e9t\u00e9 contrainte de paiement des factures qui est le droit\u00a0 le plus sensible de donner des r\u00e9sultats.<\/p>\n<p>\u00c0 la foul\u00e9e, le directeur sortant a invit\u00e9 les responsables et travailleurs de la SEG de m\u00e9nager son successeur \u00e0 fin qu&rsquo;il puisse relever des d\u00e9fis auxquels il a \u00e9t\u00e9 confront\u00e9.<\/p>\n<p>De son c\u00f4t\u00e9, le directeur entrant a promis de relever les d\u00e9fis auxquels la soci\u00e9t\u00e9 est confront\u00e9 \u00e0 cette p\u00e9riode de la pand\u00e9mie COVID 19.<\/p>\n<p><strong>Moussa Camara <\/strong><\/p>\n<p><strong>\u00a0<\/strong><\/p>\n","protected":false},"excerpt":{"rendered":"<p>Suite au d\u00e9cret du pr\u00e9sident Alpha Cond\u00e9, le nouveau directeur g\u00e9n\u00e9ral de la soci\u00e9t\u00e9 des eaux de Guin\u00e9e (SEG), a \u00e9t\u00e9 install\u00e9 dans ses nouvelles fonctions ce vendredi 09 avril 2021 dans l&rsquo;enceinte de ladite soci\u00e9t\u00e9. La passation du service s&rsquo;est d\u00e9roul\u00e9e en pr\u00e9sence de plusieurs\u00a0 autorit\u00e9s gouvernementales et travailleurs de la SEG. Dans son [&hellip;]<\/p>\n","protected":false},"author":2,"featured_media":23639,"comment_status":"open","ping_status":"closed","sticky":false,"template":"","format":"standard","meta":{"buzzeditor_post_format":"","footnotes":""},"categories":[46],"tags":[],"class_list":["post-23638","post","type-post","status-publish","format-standard","has-post-thumbnail","hentry","category-societe"],"jetpack_featured_media_url":"https:\/\/guineechrono.com\/wp-content\/uploads\/2021\/04\/SEG.jpg","amp_enabled":true,"_links":{"self":[{"href":"https:\/\/guineechrono.com\/index.php\/wp-json\/wp\/v2\/posts\/23638","targetHints":{"allow":["GET"]}}],"collection":[{"href":"https:\/\/guineechrono.com\/index.php\/wp-json\/wp\/v2\/posts"}],"about":[{"href":"https:\/\/guineechrono.com\/index.php\/wp-json\/wp\/v2\/types\/post"}],"author":[{"embeddable":true,"href":"https:\/\/guineechrono.com\/index.php\/wp-json\/wp\/v2\/users\/2"}],"replies":[{"embeddable":true,"href":"https:\/\/guineechrono.com\/index.php\/wp-json\/wp\/v2\/comments?post=23638"}],"version-history":[{"count":0,"href":"https:\/\/guineechrono.com\/index.php\/wp-json\/wp\/v2\/posts\/23638\/revisions"}],"wp:featuredmedia":[{"embeddable":true,"href":"https:\/\/guineechrono.com\/index.php\/wp-json\/wp\/v2\/media\/23639"}],"wp:attachment":[{"href":"https:\/\/guineechrono.com\/index.php\/wp-json\/wp\/v2\/media?parent=23638"}],"wp:term":[{"taxonomy":"category","embeddable":true,"href":"https:\/\/guineechrono.com\/index.php\/wp-json\/wp\/v2\/categories?post=23638"},{"taxonomy":"post_tag","embeddable":true,"href":"https:\/\/guineechrono.com\/index.php\/wp-json\/wp\/v2\/tags?post=23638"}],"curies":[{"name":"wp","href":"https:\/\/api.w.org\/{rel}","templated":true}]}}