{"id":23663,"date":"2021-04-13T14:41:14","date_gmt":"2021-04-13T13:41:14","guid":{"rendered":"https:\/\/guineechrono.com\/?p=23663"},"modified":"2021-04-13T14:41:14","modified_gmt":"2021-04-13T13:41:14","slug":"maison-centrale-de-conakry-bientot-abdoulaye-bah-va-reprendre-sa-greve-de-la-faim","status":"publish","type":"post","link":"https:\/\/guineechrono.com\/index.php\/maison-centrale-de-conakry-bientot-abdoulaye-bah-va-reprendre-sa-greve-de-la-faim\/","title":{"rendered":"Maison centrale de Conakry : bient\u00f4t Abdoulaye Bah va reprendre sa gr\u00e8ve de la faim"},"content":{"rendered":"<p>C\u2019est une information qui a \u00e9t\u00e9 confirm\u00e9e par l\u2019un de ses avocats, ma\u00eetre Salifou B\u00e9avogui. Abdoulaye Bah, ancien maire de Kindia et membre du bureau ex\u00e9cutif de l\u2019UFDG, a suspendu sa gr\u00e8ve de la faim. La semaine derni\u00e8re, il avait arr\u00eat\u00e9 de s\u2019alimenter. C\u2019\u00e9tait pour protester contre sa d\u00e9tention prolong\u00e9e sans jugement.<\/p>\n<p>Sa gr\u00e8ve de la faim a dur\u00e9 quatre jours. Mais selon son avocat, le d\u00e9tenu menace de reprendre cette forme de protestation contre les autorit\u00e9s judiciaires si son proc\u00e8s continue \u00e0 trainer.<\/p>\n<p>Abdoulaye fait partie de nombreux opposants qui croupissent en prison depuis six mois. Il a \u00e9t\u00e9 arr\u00eat\u00e9 en septembre dernier suite aux violentes manifestations qui ont suivi le scrutin pr\u00e9sidentiel du 18 octobre 2020. Plusieurs charges sont retenues contre lui. Sauf qu\u2019il n\u2019est toujours pas situ\u00e9 sur son sort.<\/p>\n<p><strong>R\u00e9daction <\/strong><\/p>\n","protected":false},"excerpt":{"rendered":"<p>C\u2019est une information qui a \u00e9t\u00e9 confirm\u00e9e par l\u2019un de ses avocats, ma\u00eetre Salifou B\u00e9avogui. Abdoulaye Bah, ancien maire de Kindia et membre du bureau ex\u00e9cutif de l\u2019UFDG, a suspendu sa gr\u00e8ve de la faim. La semaine derni\u00e8re, il avait arr\u00eat\u00e9 de s\u2019alimenter. C\u2019\u00e9tait pour protester contre sa d\u00e9tention prolong\u00e9e sans jugement. Sa gr\u00e8ve de [&hellip;]<\/p>\n","protected":false},"author":2,"featured_media":23664,"comment_status":"open","ping_status":"closed","sticky":false,"template":"","format":"standard","meta":{"buzzeditor_post_format":"","footnotes":""},"categories":[43],"tags":[],"class_list":["post-23663","post","type-post","status-publish","format-standard","has-post-thumbnail","hentry","category-politique"],"jetpack_featured_media_url":"https:\/\/guineechrono.com\/wp-content\/uploads\/2021\/04\/kindiaa-1.jpg","amp_enabled":true,"_links":{"self":[{"href":"https:\/\/guineechrono.com\/index.php\/wp-json\/wp\/v2\/posts\/23663","targetHints":{"allow":["GET"]}}],"collection":[{"href":"https:\/\/guineechrono.com\/index.php\/wp-json\/wp\/v2\/posts"}],"about":[{"href":"https:\/\/guineechrono.com\/index.php\/wp-json\/wp\/v2\/types\/post"}],"author":[{"embeddable":true,"href":"https:\/\/guineechrono.com\/index.php\/wp-json\/wp\/v2\/users\/2"}],"replies":[{"embeddable":true,"href":"https:\/\/guineechrono.com\/index.php\/wp-json\/wp\/v2\/comments?post=23663"}],"version-history":[{"count":0,"href":"https:\/\/guineechrono.com\/index.php\/wp-json\/wp\/v2\/posts\/23663\/revisions"}],"wp:featuredmedia":[{"embeddable":true,"href":"https:\/\/guineechrono.com\/index.php\/wp-json\/wp\/v2\/media\/23664"}],"wp:attachment":[{"href":"https:\/\/guineechrono.com\/index.php\/wp-json\/wp\/v2\/media?parent=23663"}],"wp:term":[{"taxonomy":"category","embeddable":true,"href":"https:\/\/guineechrono.com\/index.php\/wp-json\/wp\/v2\/categories?post=23663"},{"taxonomy":"post_tag","embeddable":true,"href":"https:\/\/guineechrono.com\/index.php\/wp-json\/wp\/v2\/tags?post=23663"}],"curies":[{"name":"wp","href":"https:\/\/api.w.org\/{rel}","templated":true}]}}