{"id":23669,"date":"2021-04-13T17:07:33","date_gmt":"2021-04-13T16:07:33","guid":{"rendered":"https:\/\/guineechrono.com\/?p=23669"},"modified":"2021-04-13T17:07:33","modified_gmt":"2021-04-13T16:07:33","slug":"covid-19-paris-suspend-tous-les-vols-entre-le-bresil-et-la-france","status":"publish","type":"post","link":"https:\/\/guineechrono.com\/index.php\/covid-19-paris-suspend-tous-les-vols-entre-le-bresil-et-la-france\/","title":{"rendered":"Covid-19: Paris suspend tous les vols entre le Br\u00e9sil et la France"},"content":{"rendered":"<p>Paris a d\u00e9cid\u00e9 de suspendre \u00ab\u00a0<em>jusqu&rsquo;\u00e0 nouvel ordre<\/em>\u00a0\u00bb tous les vols entre le Br\u00e9sil et la France en raison des inqui\u00e9tudes autour du variant br\u00e9silien du Covid-19, a annonc\u00e9 ce mardi le Premier ministre Jean Castex.<\/p>\n<p>\u00ab\u00a0<em>Nous constatons que la situation s&rsquo;aggrave et nous avons donc d\u00e9cid\u00e9 de suspendre jusqu&rsquo;\u00e0 nouvel ordre tous les vols entre le Br\u00e9sil et la France<\/em>\u00a0\u00bb, a expliqu\u00e9 le Premier ministre Jean Castex lors de la s\u00e9ance de questions au gouvernement \u00e0 l&rsquo;Assembl\u00e9e nationale.<\/p>\n<p>Depuis f\u00e9vrier, la situation ne cesse de s&rsquo;aggraver au Br\u00e9sil en raison de l&rsquo;\u00e9mergence d&rsquo;un variant local du virus, appel\u00e9 P1, consid\u00e9r\u00e9 comme plus contagieux et plus mortel, mais encore tr\u00e8s minoritaire en France.<\/p>\n<p>Ce mardi sur RFI,\u00a0le pr\u00e9sident du groupe Les R\u00e9publicains \u00e0 l&rsquo;Assembl\u00e9e nationale\u00a0<strong><a href=\"https:\/\/www.rfi.fr\/fr\/podcasts\/invit\u00e9-du-matin\/20210412-damien-abad-pr\u00e9sident-du-groupe-les-r\u00e9publicains-de-l-assembl\u00e9e-nationale\">Damien Abad avait fait part de son incompr\u00e9hension<\/a><\/strong> concernant le maintien des lignes entre la France et le Br\u00e9sil\u00a0:\u00a0\u00a0\u00ab\u00a0<em>Je ne vois pas comment au moment o\u00f9 on confine les Fran\u00e7ais, on puisse maintenir cette liaison a\u00e9rienne<\/em>\u00a0\u00bb. La veille, en effet le ministre d\u00e9l\u00e9gu\u00e9 aux Transports\u00a0Jean-Baptiste Djebbari avait justifi\u00e9 l&rsquo;existence de ces vols par le respect du droit, le Conseil d&rsquo;\u00c9tat\u00a0ayant dispos\u00e9 que les ressortissants fran\u00e7ais \u00ab\u00a0<em>au nom de la libert\u00e9 de circulation, devaient pouvoir continuer \u00e0 venir\u00a0<\/em>\u00bb.<\/p>\n<p>Le variant br\u00e9silien pr\u00e9occupe m\u00e9decins et scientifiques, surtout en raison de sa plus grande r\u00e9sistance aux vaccins existants contre le Covid-19.<\/p>\n<p>Avec plus de 99\u00a0000 morts et pr\u00e8s de 6\u00a0000 malades du coronavirus\u00a0soign\u00e9s en services de r\u00e9animation, la France subit toujours la troisi\u00e8me vague de coronavirus et les indicateurs ne montrent pas d&rsquo;am\u00e9lioration \u00e0 l&rsquo;h\u00f4pital, laissant ouvertes les questions sur un rel\u00e2chement des contraintes.<\/p>\n<p>Le pr\u00e9sident Emmanuel Macron avait estim\u00e9 qu&rsquo;une r\u00e9ouverture progressive et sous contr\u00f4le des terrasses de caf\u00e9s et restaurants et de certains lieux culturels pourrait d\u00e9buter mi-mai. Une premi\u00e8re \u00e9tape charni\u00e8re est attendue le 26 avril, avec le retour en classe pour les enfants du primaire, apr\u00e8s trois semaines de fermeture des \u00e9coles.<\/p>\n<p>En plus de la fermeture de nombre de magasins jug\u00e9s non essentiels, les Fran\u00e7ais sont cens\u00e9s rester chez eux pendant les deux semaines de vacances scolaires qui ont commenc\u00e9 le week-end dernier. Les voyages entre r\u00e9gions sont interdits et couvre-feu \u00e0 19h a \u00e9t\u00e9 impos\u00e9 dans l&rsquo;ensemble du pays, dans l&rsquo;espoir de freiner l&rsquo;\u00e9pid\u00e9mie.<\/p>\n<p><strong>rfi<\/strong><\/p>\n<p>&nbsp;<\/p>\n","protected":false},"excerpt":{"rendered":"<p>Paris a d\u00e9cid\u00e9 de suspendre \u00ab\u00a0jusqu&rsquo;\u00e0 nouvel ordre\u00a0\u00bb tous les vols entre le Br\u00e9sil et la France en raison des inqui\u00e9tudes autour du variant br\u00e9silien du Covid-19, a annonc\u00e9 ce mardi le Premier ministre Jean Castex. \u00ab\u00a0Nous constatons que la situation s&rsquo;aggrave et nous avons donc d\u00e9cid\u00e9 de suspendre jusqu&rsquo;\u00e0 nouvel ordre tous les vols [&hellip;]<\/p>\n","protected":false},"author":2,"featured_media":23670,"comment_status":"open","ping_status":"closed","sticky":false,"template":"","format":"standard","meta":{"buzzeditor_post_format":"","footnotes":""},"categories":[52],"tags":[],"class_list":["post-23669","post","type-post","status-publish","format-standard","has-post-thumbnail","hentry","category-sante"],"jetpack_featured_media_url":"https:\/\/guineechrono.com\/wp-content\/uploads\/2021\/04\/pariss.jpg","amp_enabled":true,"_links":{"self":[{"href":"https:\/\/guineechrono.com\/index.php\/wp-json\/wp\/v2\/posts\/23669","targetHints":{"allow":["GET"]}}],"collection":[{"href":"https:\/\/guineechrono.com\/index.php\/wp-json\/wp\/v2\/posts"}],"about":[{"href":"https:\/\/guineechrono.com\/index.php\/wp-json\/wp\/v2\/types\/post"}],"author":[{"embeddable":true,"href":"https:\/\/guineechrono.com\/index.php\/wp-json\/wp\/v2\/users\/2"}],"replies":[{"embeddable":true,"href":"https:\/\/guineechrono.com\/index.php\/wp-json\/wp\/v2\/comments?post=23669"}],"version-history":[{"count":0,"href":"https:\/\/guineechrono.com\/index.php\/wp-json\/wp\/v2\/posts\/23669\/revisions"}],"wp:featuredmedia":[{"embeddable":true,"href":"https:\/\/guineechrono.com\/index.php\/wp-json\/wp\/v2\/media\/23670"}],"wp:attachment":[{"href":"https:\/\/guineechrono.com\/index.php\/wp-json\/wp\/v2\/media?parent=23669"}],"wp:term":[{"taxonomy":"category","embeddable":true,"href":"https:\/\/guineechrono.com\/index.php\/wp-json\/wp\/v2\/categories?post=23669"},{"taxonomy":"post_tag","embeddable":true,"href":"https:\/\/guineechrono.com\/index.php\/wp-json\/wp\/v2\/tags?post=23669"}],"curies":[{"name":"wp","href":"https:\/\/api.w.org\/{rel}","templated":true}]}}