{"id":23672,"date":"2021-04-13T17:39:26","date_gmt":"2021-04-13T16:39:26","guid":{"rendered":"https:\/\/guineechrono.com\/?p=23672"},"modified":"2021-04-13T17:39:26","modified_gmt":"2021-04-13T16:39:26","slug":"tpi-de-dixinn-le-proces-du-journaliste-amadou-dioulde-diallo-renvoye-au-28-avril-prochain","status":"publish","type":"post","link":"https:\/\/guineechrono.com\/index.php\/tpi-de-dixinn-le-proces-du-journaliste-amadou-dioulde-diallo-renvoye-au-28-avril-prochain\/","title":{"rendered":"TPI de Dixinn : le proc\u00e8s  du journaliste Amadou Diould\u00e9 Diallo renvoy\u00e9  au 28 avril prochain"},"content":{"rendered":"<p><strong>Ouvert ce mardi 13 avril 2021 au tribunal de premi\u00e8re instance de Dixinn, le proc\u00e8s du journaliste Amadou Diould\u00e9 Diallo a \u00e9t\u00e9 renvoy\u00e9 au 28 avril prochain. <\/strong><\/p>\n<p>Selon nos informations, l\u2019audience du jour a \u00e9t\u00e9 port\u00e9e \u00e0 \u00e9couter le pr\u00e9venu et les plaidoiries de deux parties \u00e0 savoir la d\u00e9fense et le minist\u00e8re public.<\/p>\n<p>Au sortir de la salle, l\u2019un des avocats de l\u2019accus\u00e9, ma\u00eetre Alseny Aissata s\u2019est dit d\u00e9\u00e7u du r\u00e9quisitoire du procureur contre son client.<\/p>\n<p>\u00ab Quelle que soit la d\u00e9cision qui sera prise, elle sera p\u00e9cuniaire. Seulement nous sommes d\u00e9\u00e7us de ce r\u00e9quisitoire qui va jusqu\u2019\u00e0 demander la condamnation de notre client \u00e0 5 millions d\u2019amende \u00bb, a dit ma\u00eetre Alseny Aissata.<\/p>\n<p>A rappeler que le pr\u00e9venu est poursuivi pour offense au chef de l\u2019Etat.<\/p>\n<p><strong>Barry <\/strong><\/p>\n","protected":false},"excerpt":{"rendered":"<p>Ouvert ce mardi 13 avril 2021 au tribunal de premi\u00e8re instance de Dixinn, le proc\u00e8s du journaliste Amadou Diould\u00e9 Diallo a \u00e9t\u00e9 renvoy\u00e9 au 28 avril prochain. Selon nos informations, l\u2019audience du jour a \u00e9t\u00e9 port\u00e9e \u00e0 \u00e9couter le pr\u00e9venu et les plaidoiries de deux parties \u00e0 savoir la d\u00e9fense et le minist\u00e8re public. Au [&hellip;]<\/p>\n","protected":false},"author":2,"featured_media":23673,"comment_status":"open","ping_status":"closed","sticky":false,"template":"","format":"standard","meta":{"buzzeditor_post_format":"","footnotes":""},"categories":[43],"tags":[],"class_list":["post-23672","post","type-post","status-publish","format-standard","has-post-thumbnail","hentry","category-politique"],"jetpack_featured_media_url":"https:\/\/guineechrono.com\/wp-content\/uploads\/2021\/04\/diallo.jpg","amp_enabled":true,"_links":{"self":[{"href":"https:\/\/guineechrono.com\/index.php\/wp-json\/wp\/v2\/posts\/23672","targetHints":{"allow":["GET"]}}],"collection":[{"href":"https:\/\/guineechrono.com\/index.php\/wp-json\/wp\/v2\/posts"}],"about":[{"href":"https:\/\/guineechrono.com\/index.php\/wp-json\/wp\/v2\/types\/post"}],"author":[{"embeddable":true,"href":"https:\/\/guineechrono.com\/index.php\/wp-json\/wp\/v2\/users\/2"}],"replies":[{"embeddable":true,"href":"https:\/\/guineechrono.com\/index.php\/wp-json\/wp\/v2\/comments?post=23672"}],"version-history":[{"count":0,"href":"https:\/\/guineechrono.com\/index.php\/wp-json\/wp\/v2\/posts\/23672\/revisions"}],"wp:featuredmedia":[{"embeddable":true,"href":"https:\/\/guineechrono.com\/index.php\/wp-json\/wp\/v2\/media\/23673"}],"wp:attachment":[{"href":"https:\/\/guineechrono.com\/index.php\/wp-json\/wp\/v2\/media?parent=23672"}],"wp:term":[{"taxonomy":"category","embeddable":true,"href":"https:\/\/guineechrono.com\/index.php\/wp-json\/wp\/v2\/categories?post=23672"},{"taxonomy":"post_tag","embeddable":true,"href":"https:\/\/guineechrono.com\/index.php\/wp-json\/wp\/v2\/tags?post=23672"}],"curies":[{"name":"wp","href":"https:\/\/api.w.org\/{rel}","templated":true}]}}