{"id":23684,"date":"2021-04-14T15:50:05","date_gmt":"2021-04-14T14:50:05","guid":{"rendered":"https:\/\/guineechrono.com\/?p=23684"},"modified":"2021-04-14T15:50:05","modified_gmt":"2021-04-14T14:50:05","slug":"cellou-dalein-diallo-dans-les-gg-je-ne-suis-pas-un-imam","status":"publish","type":"post","link":"https:\/\/guineechrono.com\/index.php\/cellou-dalein-diallo-dans-les-gg-je-ne-suis-pas-un-imam\/","title":{"rendered":"Cellou Dalein Diallo dans les GG : \u00ab Je ne suis pas un imam \u00bb"},"content":{"rendered":"<p><strong>Ce mercredi 14 avril 2021, \u00a0le pr\u00e9sident de l\u2019UFDG, Cellou Dalein Diallo \u00e9tait l\u2019invit\u00e9 de nos confr\u00e8res d\u2019Espace FM dans l\u2019\u00e9mission les grandes gueules. <\/strong><\/p>\n<p>Au cours de cet entretien, El Cellou Dalein a r\u00e9pondu \u00e0 ses d\u00e9tracteurs qui pensent qu\u2019il fonctionne comme un imam et non un leader politique.<\/p>\n<p>\u00ab\u00a0Je ne suis pas un imam, je suis un leader politique attach\u00e9 \u00e0 des valeurs. Je privil\u00e9gie la paix, le dialogue et la concertation. Malheureusement, je n\u2019ai pas en face des personnes de bonne foi\u00a0\u00bb.<\/p>\n<p><strong>R\u00e9daction <\/strong><\/p>\n","protected":false},"excerpt":{"rendered":"<p>Ce mercredi 14 avril 2021, \u00a0le pr\u00e9sident de l\u2019UFDG, Cellou Dalein Diallo \u00e9tait l\u2019invit\u00e9 de nos confr\u00e8res d\u2019Espace FM dans l\u2019\u00e9mission les grandes gueules. Au cours de cet entretien, El Cellou Dalein a r\u00e9pondu \u00e0 ses d\u00e9tracteurs qui pensent qu\u2019il fonctionne comme un imam et non un leader politique. \u00ab\u00a0Je ne suis pas un imam, [&hellip;]<\/p>\n","protected":false},"author":2,"featured_media":23685,"comment_status":"open","ping_status":"closed","sticky":false,"template":"","format":"standard","meta":{"buzzeditor_post_format":"","footnotes":""},"categories":[43],"tags":[],"class_list":["post-23684","post","type-post","status-publish","format-standard","has-post-thumbnail","hentry","category-politique"],"jetpack_featured_media_url":"https:\/\/guineechrono.com\/wp-content\/uploads\/2021\/04\/dalein.jpg","amp_enabled":true,"_links":{"self":[{"href":"https:\/\/guineechrono.com\/index.php\/wp-json\/wp\/v2\/posts\/23684","targetHints":{"allow":["GET"]}}],"collection":[{"href":"https:\/\/guineechrono.com\/index.php\/wp-json\/wp\/v2\/posts"}],"about":[{"href":"https:\/\/guineechrono.com\/index.php\/wp-json\/wp\/v2\/types\/post"}],"author":[{"embeddable":true,"href":"https:\/\/guineechrono.com\/index.php\/wp-json\/wp\/v2\/users\/2"}],"replies":[{"embeddable":true,"href":"https:\/\/guineechrono.com\/index.php\/wp-json\/wp\/v2\/comments?post=23684"}],"version-history":[{"count":0,"href":"https:\/\/guineechrono.com\/index.php\/wp-json\/wp\/v2\/posts\/23684\/revisions"}],"wp:featuredmedia":[{"embeddable":true,"href":"https:\/\/guineechrono.com\/index.php\/wp-json\/wp\/v2\/media\/23685"}],"wp:attachment":[{"href":"https:\/\/guineechrono.com\/index.php\/wp-json\/wp\/v2\/media?parent=23684"}],"wp:term":[{"taxonomy":"category","embeddable":true,"href":"https:\/\/guineechrono.com\/index.php\/wp-json\/wp\/v2\/categories?post=23684"},{"taxonomy":"post_tag","embeddable":true,"href":"https:\/\/guineechrono.com\/index.php\/wp-json\/wp\/v2\/tags?post=23684"}],"curies":[{"name":"wp","href":"https:\/\/api.w.org\/{rel}","templated":true}]}}