{"id":2392,"date":"2018-11-17T23:22:01","date_gmt":"2018-11-17T22:22:01","guid":{"rendered":"http:\/\/guineechrono.com\/?p=2392"},"modified":"2018-11-17T23:22:01","modified_gmt":"2018-11-17T22:22:01","slug":"evenement-la-1ere-edition-de-la-master-class-afro-day-se-tiendra-le-1er-decembre","status":"publish","type":"post","link":"https:\/\/guineechrono.com\/index.php\/evenement-la-1ere-edition-de-la-master-class-afro-day-se-tiendra-le-1er-decembre\/","title":{"rendered":"Ev\u00e9nement : La 1\u00e8re Edition de la Master Class Afro DAY se tiendra le 1er Decembre"},"content":{"rendered":"<p>La structure N\u2019Happy Locs Hair de la Guin\u00e9e et Ik\u00e9gny du Mali organisent la premi\u00e8re \u00e9dition de la Master Class Afro DAY le 1<sup>er<\/sup>D\u00e9cembre 2018 \u00e0 l\u2019h\u00f4tel Onomo de Conakry. Cette premi\u00e8re \u00e9dition \u00a0d\u00e9di\u00e9e \u00e0 la journ\u00e9e mondiale de \u00a0lutte contre le VIH-SIDA sera une occasion pour ces deux structures de venir en aide aux personnes atteintes du VIH-SIDA \u00e0 travers la sensibilisation.<\/p>\n<p><img fetchpriority=\"high\" decoding=\"async\" class=\"size-medium wp-image-6618 alignleft images-load td-animation-stack-type0-1\" src=\"http:\/\/www.femmesafricaines.info\/wp-content\/uploads\/2018\/11\/Master-Class22-225x300.jpg\" alt=\"\" width=\"225\" height=\"300\" \/>Selon les organisatrices, cette premi\u00e8re grande \u00e9dition de la Master Class a pour objectif de valoriser les cheveux africain et en prendre soin et \u00e9galement comprendre\u00a0 pourquoi ne il serait judicieux d\u2019arr\u00eater de se d\u00e9friser les cheveux, et se d\u00e9pigmenter la peau.<\/p>\n<p>Egalement \u00a0valoriser tous les textiles des diff\u00e9rents pays africains tout en ressortant \u00a0l\u2019authenticit\u00e9 et l\u2019originalit\u00e9.<\/p>\n<p>Au cours de cette journ\u00e9e, des \u00a0th\u00e8mes seront abord\u00e9s par nos diff\u00e9rents panelistes \u00e0 travers des cours\u00a0 intensif dans des domaines bien pr\u00e9cis sur des diff\u00e9rents th\u00e8mes. Les th\u00e8mes que nous avons choisis pour cette \u00e9dition sont\u00a0: la routine capillaire pour le soin et l\u2019entretien des cheveux afro et des dread locks, l\u2019hygi\u00e8ne intime et le bien \u00eatre, la sant\u00e9 et le make-up c\u2019est-\u00e0-dire le maquillage.<\/p>\n<p>Cette journ\u00e9e a \u00e9t\u00e9 choisie aussi pour la sensibilisation de la lutte contre le VIH-SIDA, en partenariat avec le Comit\u00e9 National de Lutte contre le SIDA(CNLS). Vous\u00a0\u00a0\u00a0\u00a0\u00a0\u00a0\u00a0\u00a0 savez, une femme belle est forc\u00e9ment une femme en bonne sant\u00e9.<\/p>\n<p>A cet effet, une partie des fonds collect\u00e9s pour la Master Class, sera donc revers\u00e9e \u00e0 une association de lutte contre le VIH\/SIDA.<\/p>\n<p>Il faut reconna\u00eetre que les pr\u00e9paratifs ne sont pas toujours faciles car nous sommes vraiment \u00e0 cheval entre les rencontres des diff\u00e9rents partenaires, les shooting photos, les agr\u00e9ments. Il y a vraiment pas mal de choses\u00a0 \u00e0 faire, mais \u00e9tant donn\u00e9 que nous sommes des dames de fer (rire) on ne va pas trop se plaindre mais on va dire qu\u2019on essaye vraiment de mettre du notre pour que cette Master Class soit une r\u00e9ussite.<\/p>\n<p>Nous comptons \u00e9galement sur les participantes, \u00a0parce que c\u2019est elles qui feront en sorte que notre Master Class soit une r\u00e9ussite.<\/p>\n<p>On incite les femmes \u00e0 venir assister massivement \u00e0 cette Master Class car il y aura beaucoup de fun \u00e0 partager, du r\u00e9seautage. Elles apprendront vraiment en s\u2019amusant, mais le plus important reste le cot\u00e9 caritatif de l\u2019\u00e9v\u00e8nement.<\/p>\n<p>Donc nous dirons, qu\u2019Assister \u00e0 la Master Class Afro DAY, ce serait soutenir les malades du VIH\/SIDA .<\/p>\n<p><strong>Bolokada Sano<\/strong><\/p>\n","protected":false},"excerpt":{"rendered":"<p>La structure N\u2019Happy Locs Hair de la Guin\u00e9e et Ik\u00e9gny du Mali organisent la premi\u00e8re \u00e9dition de la Master Class Afro DAY le 1erD\u00e9cembre 2018 \u00e0 l\u2019h\u00f4tel Onomo de Conakry. Cette premi\u00e8re \u00e9dition \u00a0d\u00e9di\u00e9e \u00e0 la journ\u00e9e mondiale de \u00a0lutte contre le VIH-SIDA sera une occasion pour ces deux structures de venir en aide aux [&hellip;]<\/p>\n","protected":false},"author":2,"featured_media":2393,"comment_status":"open","ping_status":"closed","sticky":false,"template":"","format":"standard","meta":{"buzzeditor_post_format":"","footnotes":""},"categories":[1],"tags":[],"class_list":["post-2392","post","type-post","status-publish","format-standard","has-post-thumbnail","hentry","category-non-classe"],"jetpack_featured_media_url":"https:\/\/guineechrono.com\/wp-content\/uploads\/2018\/11\/Master-Class11-1.jpg","amp_enabled":true,"_links":{"self":[{"href":"https:\/\/guineechrono.com\/index.php\/wp-json\/wp\/v2\/posts\/2392","targetHints":{"allow":["GET"]}}],"collection":[{"href":"https:\/\/guineechrono.com\/index.php\/wp-json\/wp\/v2\/posts"}],"about":[{"href":"https:\/\/guineechrono.com\/index.php\/wp-json\/wp\/v2\/types\/post"}],"author":[{"embeddable":true,"href":"https:\/\/guineechrono.com\/index.php\/wp-json\/wp\/v2\/users\/2"}],"replies":[{"embeddable":true,"href":"https:\/\/guineechrono.com\/index.php\/wp-json\/wp\/v2\/comments?post=2392"}],"version-history":[{"count":0,"href":"https:\/\/guineechrono.com\/index.php\/wp-json\/wp\/v2\/posts\/2392\/revisions"}],"wp:featuredmedia":[{"embeddable":true,"href":"https:\/\/guineechrono.com\/index.php\/wp-json\/wp\/v2\/media\/2393"}],"wp:attachment":[{"href":"https:\/\/guineechrono.com\/index.php\/wp-json\/wp\/v2\/media?parent=2392"}],"wp:term":[{"taxonomy":"category","embeddable":true,"href":"https:\/\/guineechrono.com\/index.php\/wp-json\/wp\/v2\/categories?post=2392"},{"taxonomy":"post_tag","embeddable":true,"href":"https:\/\/guineechrono.com\/index.php\/wp-json\/wp\/v2\/tags?post=2392"}],"curies":[{"name":"wp","href":"https:\/\/api.w.org\/{rel}","templated":true}]}}