{"id":23925,"date":"2021-05-03T13:46:08","date_gmt":"2021-05-03T12:46:08","guid":{"rendered":"https:\/\/guineechrono.com\/?p=23925"},"modified":"2021-05-03T13:49:25","modified_gmt":"2021-05-03T12:49:25","slug":"feguifoot-kpc-a-depose-officiellement-sa-candidature","status":"publish","type":"post","link":"https:\/\/guineechrono.com\/index.php\/feguifoot-kpc-a-depose-officiellement-sa-candidature\/","title":{"rendered":"FEGUIFOOT: KPC a d\u00e9pos\u00e9  officiellement sa candidature"},"content":{"rendered":"<p>T\u00f4t ce lundi matin 03 mai 2021, la candidature de \u00a0Kerfalla Camara (KPC) a \u00e9t\u00e9 d\u00e9pos\u00e9e pour la pr\u00e9sidence de la F\u00e9d\u00e9ration guin\u00e9enne de football.<\/p>\n<p>Cette nouvelle candidature de KPC, intervient apr\u00e8s le retrait de celle d\u2019Antonio Souar\u00e9, avec qui le patron du club triple champion d\u2019Afrique avait eu un compromis qui a pr\u00e9valu \u00e0 son retrait.<\/p>\n<p><a href=\"https:\/\/guineechrono.com\/wp-content\/uploads\/2021\/05\/feguifoot.jpeg\"><img fetchpriority=\"high\" decoding=\"async\" class=\"aligncenter size-medium wp-image-23928\" src=\"https:\/\/guineechrono.com\/wp-content\/uploads\/2021\/05\/feguifoot-300x225.jpeg\" alt=\"\" width=\"300\" height=\"225\" srcset=\"https:\/\/guineechrono.com\/wp-content\/uploads\/2021\/05\/feguifoot-300x225.jpeg 300w, https:\/\/guineechrono.com\/wp-content\/uploads\/2021\/05\/feguifoot-768x576.jpeg 768w, https:\/\/guineechrono.com\/wp-content\/uploads\/2021\/05\/feguifoot-80x60.jpeg 80w, https:\/\/guineechrono.com\/wp-content\/uploads\/2021\/05\/feguifoot-265x198.jpeg 265w, https:\/\/guineechrono.com\/wp-content\/uploads\/2021\/05\/feguifoot-696x522.jpeg 696w, https:\/\/guineechrono.com\/wp-content\/uploads\/2021\/05\/feguifoot-560x420.jpeg 560w, https:\/\/guineechrono.com\/wp-content\/uploads\/2021\/05\/feguifoot.jpeg 1024w\" sizes=\"(max-width: 300px) 100vw, 300px\" \/><\/a>\u00c0 rappeler que le congr\u00e8s \u00e9lectif aura lieu le 18 mai 2021 \u00e0 Conakry.<\/p>\n<p><strong>R\u00e9daction <\/strong><\/p>\n","protected":false},"excerpt":{"rendered":"<p>T\u00f4t ce lundi matin 03 mai 2021, la candidature de \u00a0Kerfalla Camara (KPC) a \u00e9t\u00e9 d\u00e9pos\u00e9e pour la pr\u00e9sidence de la F\u00e9d\u00e9ration guin\u00e9enne de football. Cette nouvelle candidature de KPC, intervient apr\u00e8s le retrait de celle d\u2019Antonio Souar\u00e9, avec qui le patron du club triple champion d\u2019Afrique avait eu un compromis qui a pr\u00e9valu \u00e0 [&hellip;]<\/p>\n","protected":false},"author":2,"featured_media":23926,"comment_status":"open","ping_status":"closed","sticky":false,"template":"","format":"standard","meta":{"buzzeditor_post_format":"","footnotes":""},"categories":[45],"tags":[],"class_list":["post-23925","post","type-post","status-publish","format-standard","has-post-thumbnail","hentry","category-sport"],"jetpack_featured_media_url":"https:\/\/guineechrono.com\/wp-content\/uploads\/2021\/05\/ff.jpg","amp_enabled":true,"_links":{"self":[{"href":"https:\/\/guineechrono.com\/index.php\/wp-json\/wp\/v2\/posts\/23925","targetHints":{"allow":["GET"]}}],"collection":[{"href":"https:\/\/guineechrono.com\/index.php\/wp-json\/wp\/v2\/posts"}],"about":[{"href":"https:\/\/guineechrono.com\/index.php\/wp-json\/wp\/v2\/types\/post"}],"author":[{"embeddable":true,"href":"https:\/\/guineechrono.com\/index.php\/wp-json\/wp\/v2\/users\/2"}],"replies":[{"embeddable":true,"href":"https:\/\/guineechrono.com\/index.php\/wp-json\/wp\/v2\/comments?post=23925"}],"version-history":[{"count":0,"href":"https:\/\/guineechrono.com\/index.php\/wp-json\/wp\/v2\/posts\/23925\/revisions"}],"wp:featuredmedia":[{"embeddable":true,"href":"https:\/\/guineechrono.com\/index.php\/wp-json\/wp\/v2\/media\/23926"}],"wp:attachment":[{"href":"https:\/\/guineechrono.com\/index.php\/wp-json\/wp\/v2\/media?parent=23925"}],"wp:term":[{"taxonomy":"category","embeddable":true,"href":"https:\/\/guineechrono.com\/index.php\/wp-json\/wp\/v2\/categories?post=23925"},{"taxonomy":"post_tag","embeddable":true,"href":"https:\/\/guineechrono.com\/index.php\/wp-json\/wp\/v2\/tags?post=23925"}],"curies":[{"name":"wp","href":"https:\/\/api.w.org\/{rel}","templated":true}]}}