{"id":23972,"date":"2021-05-05T17:57:08","date_gmt":"2021-05-05T16:57:08","guid":{"rendered":"https:\/\/guineechrono.com\/?p=23972"},"modified":"2021-05-05T17:57:08","modified_gmt":"2021-05-05T16:57:08","slug":"guinee-ministere-de-la-citoyennete-dr-zalikatou-diallo-prend-fonction","status":"publish","type":"post","link":"https:\/\/guineechrono.com\/index.php\/guinee-ministere-de-la-citoyennete-dr-zalikatou-diallo-prend-fonction\/","title":{"rendered":"Guin\u00e9e\/Minist\u00e8re de la citoyennet\u00e9: Dr  Zalikatou Diallo prend fonction"},"content":{"rendered":"<p><strong>Ce mercredi 05 mai 2021 la nouvelle ministre de la citoyennet\u00e9 et de l\u2019unit\u00e9 nationale a \u00e9t\u00e9 officiellement install\u00e9e dans ses nouvelles fonctions. La c\u00e9r\u00e9monie de passation de service s\u2019est d\u00e9roul\u00e9e dans les locaux dudit minist\u00e8re en pr\u00e9sence du secr\u00e9taire \u00e0 la pr\u00e9sidence de la R\u00e9publique de Guin\u00e9e, Lansana Komara.<\/strong><\/p>\n<p>Dans son discours, le ministre sortant, Mamadou Taran Diallo a fait le point de quelques acquis de ses deux ans de gestion \u00e0 la t\u00eate de ce d\u00e9partement. \u00ab R\u00e9conciliation nationale: Plaidoyers et participation \u00e0 la restitution des corps des victimes de manifestations et de pr\u00e9sentations de messages de compassion, de consolation, de condol\u00e9ances et de solidarit\u00e9 aux familles des victimes\u00a0\u00bb.<\/p>\n<p>Selon lui, avant d\u2019\u00e9ventuelles enqu\u00eates, proc\u00e8s, indemnisations, \u00ab\u00a0nous avons estim\u00e9 que ces messages ax\u00e9s sur les mots de compassion, de consolation, de condol\u00e9ances et de solidarit\u00e9 participent \u00e0 att\u00e9nuer les douleurs et les maux dont souffrent les familles de toutes les victimes.<br \/>\nPr\u00e9vention et gestion des conflits: l\u2019\u00e9laboration de la Strat\u00e9gie Nationale de Pr\u00e9vention des Conflits et de Renforcement de la Citoyennet\u00e9 (SNPC-RC) adopt\u00e9e par le conseil des ministres du 25 avril 2019, plaidoyer pour un r\u00e8glement \u00e0 l\u2019amiable du dossier de d\u00e9guerpissement de Kaporo Rails, r\u00e8glements de conflits \u00e0 l\u2019amiable entre Etat et organisations de la soci\u00e9t\u00e9 civile\u00a0\u00bb.<\/p>\n<p>Pour lui, le bilan de ses deux ann\u00e9es de gestion de ce minist\u00e8re est positif. \u00a0\u00ab\u00a0Comme tout bilan, celui de ce minist\u00e8re durant les deux derni\u00e8res ann\u00e9es comporte des points positifs qui sont \u00e0 mettre au cr\u00e9dit des cadres de ce d\u00e9partement. Hommes et femmes d\u00e9vou\u00e9s, ils m\u2019ont \u00e9t\u00e9 d\u2019un apport inestimable\u00a0\u00bb.<\/p>\n<p>De son c\u00f4t\u00e9, la ministre entrante a promis de donner le meilleur d\u2019elle pour r\u00e9ussir la mission qui lui a \u00e9t\u00e9 confi\u00e9e par le pr\u00e9sident de la r\u00e9publique. \u00a0\u00ab\u00a0Je situe mon action, dans la continuit\u00e9 de ce qui a \u00e9t\u00e9 entrepris avec autant de r\u00e9ussite et je veillerai \u00e9galement \u00e0 capitaliser les pr\u00e9cieux acquis que mon pr\u00e9d\u00e9cesseur m\u2019a l\u00e9gu\u00e9s. Cependant nous ouvrirons des nouveaux chantiers dans le cadre de l\u2019am\u00e9lioration des performances et conform\u00e9ment \u00e0 la lettre de mission adress\u00e9e \u00e0 notre d\u00e9partement par son excellence, Monsieur le pr\u00e9sident de la R\u00e9publique\u00a0\u00bb.<\/p>\n<p>Pour finir, Dr Zialikatou Diallo a lanc\u00e9 un message au cadre du d\u00e9partement. \u00a0\u00ab\u00a0Je voudrais avant de terminer mon propos, inviter tous les cadres du d\u00e9partement du MCUN \u00e0 donner le meilleur exemple, de parfaite coh\u00e9sion et d\u2019unit\u00e9 d\u2019action pour accomplir cette mission et r\u00e9ussir la r\u00e9conciliation et l\u2019unit\u00e9 nationale \u00bb, a-t-elle conclut.<\/p>\n<p>A rappeler que Dr Zialikatou Diallo a \u00e9t\u00e9 nomm\u00e9e le 29 avril dernier par un d\u00e9cret pr\u00e9sidentiel.<\/p>\n<p><strong>Djiba kouyat\u00e9<\/strong><\/p>\n","protected":false},"excerpt":{"rendered":"<p>Ce mercredi 05 mai 2021 la nouvelle ministre de la citoyennet\u00e9 et de l\u2019unit\u00e9 nationale a \u00e9t\u00e9 officiellement install\u00e9e dans ses nouvelles fonctions. La c\u00e9r\u00e9monie de passation de service s\u2019est d\u00e9roul\u00e9e dans les locaux dudit minist\u00e8re en pr\u00e9sence du secr\u00e9taire \u00e0 la pr\u00e9sidence de la R\u00e9publique de Guin\u00e9e, Lansana Komara. Dans son discours, le ministre [&hellip;]<\/p>\n","protected":false},"author":2,"featured_media":23973,"comment_status":"open","ping_status":"closed","sticky":false,"template":"","format":"standard","meta":{"buzzeditor_post_format":"","footnotes":""},"categories":[43],"tags":[],"class_list":["post-23972","post","type-post","status-publish","format-standard","has-post-thumbnail","hentry","category-politique"],"jetpack_featured_media_url":"https:\/\/guineechrono.com\/wp-content\/uploads\/2021\/05\/zalikatou.jpg","amp_enabled":true,"_links":{"self":[{"href":"https:\/\/guineechrono.com\/index.php\/wp-json\/wp\/v2\/posts\/23972","targetHints":{"allow":["GET"]}}],"collection":[{"href":"https:\/\/guineechrono.com\/index.php\/wp-json\/wp\/v2\/posts"}],"about":[{"href":"https:\/\/guineechrono.com\/index.php\/wp-json\/wp\/v2\/types\/post"}],"author":[{"embeddable":true,"href":"https:\/\/guineechrono.com\/index.php\/wp-json\/wp\/v2\/users\/2"}],"replies":[{"embeddable":true,"href":"https:\/\/guineechrono.com\/index.php\/wp-json\/wp\/v2\/comments?post=23972"}],"version-history":[{"count":0,"href":"https:\/\/guineechrono.com\/index.php\/wp-json\/wp\/v2\/posts\/23972\/revisions"}],"wp:featuredmedia":[{"embeddable":true,"href":"https:\/\/guineechrono.com\/index.php\/wp-json\/wp\/v2\/media\/23973"}],"wp:attachment":[{"href":"https:\/\/guineechrono.com\/index.php\/wp-json\/wp\/v2\/media?parent=23972"}],"wp:term":[{"taxonomy":"category","embeddable":true,"href":"https:\/\/guineechrono.com\/index.php\/wp-json\/wp\/v2\/categories?post=23972"},{"taxonomy":"post_tag","embeddable":true,"href":"https:\/\/guineechrono.com\/index.php\/wp-json\/wp\/v2\/tags?post=23972"}],"curies":[{"name":"wp","href":"https:\/\/api.w.org\/{rel}","templated":true}]}}