{"id":24137,"date":"2021-05-15T08:16:28","date_gmt":"2021-05-15T07:16:28","guid":{"rendered":"https:\/\/guineechrono.com\/?p=24137"},"modified":"2021-05-15T08:16:28","modified_gmt":"2021-05-15T07:16:28","slug":"etats-unis-la-levee-du-port-obligatoire-du-masque-pour-les-vaccines-seme-la-confusion","status":"publish","type":"post","link":"https:\/\/guineechrono.com\/index.php\/etats-unis-la-levee-du-port-obligatoire-du-masque-pour-les-vaccines-seme-la-confusion\/","title":{"rendered":"\u00c9tats-Unis: la lev\u00e9e du port obligatoire du masque pour les vaccin\u00e9s s\u00e8me la confusion"},"content":{"rendered":"<p>Les recommandations du CDC levant le port obligatoire du\u00a0masque pour les personnes vaccin\u00e9es aux \u00c9tats-Unis a pris de court les collectivit\u00e9s locales et entreprises et a provoqu\u00e9 de vifs d\u00e9bats dans le pays.<\/p>\n<p>Porter le masque ou pas\u00a0? En int\u00e9rieur ou en ext\u00e9rieur\u00a0? Les <a href=\"https:\/\/www.rfi.fr\/fr\/tag\/\u00e9tats-unis\/\"><strong>Am\u00e9ricains <\/strong><\/a>sont perdus. Jeudi 13 mai, la lev\u00e9e par les autorit\u00e9s sanitaires am\u00e9ricaines de <a href=\"https:\/\/www.rfi.fr\/fr\/am\u00e9riques\/20210428-aux-\u00e9tats-unis-plus-besoin-de-porter-le-masque-si-vous-\u00eates-vaccin\u00e9-sauf-dans-les-foules\"><strong>la recommandation du port du masque pour les personnes vaccin\u00e9es<\/strong><\/a> contre le <a href=\"https:\/\/www.rfi.fr\/fr\/tag\/coronavirus\/\"><strong>Covid-19<\/strong><\/a> a pris par surprise et provoqu\u00e9 une certaine confusion dans le pays.<\/p>\n<p>Si au premier abord, cette recommandation semble simple, sur le terrain, c\u2019est plus compliqu\u00e9. Notamment car la directive n\u2019est pas contraignante. En plus de ne pas s&rsquo;appliquer dans les transports et les h\u00f4pitaux, les autorit\u00e9s pr\u00e9cisent qu&rsquo;elles ne valent pas si le masque reste \u00ab\u00a0<em>requis par les lois et r\u00e8gles f\u00e9d\u00e9rales, \u00e9tatiques, locales\u00a0<\/em>\u00bb ou \u00ab\u00a0l<em>es directives des magasins et entreprise<\/em>s\u00a0\u00bb.<\/p>\n<p>Depuis jeudi donc, entreprises et \u00c9tats cherchent \u00e0 se positionner sur la l\u00e9gislation autour du port du masque, rendant<a href=\"https:\/\/www.rfi.fr\/fr\/podcasts\/20200727-\u00e9tats-unis-covid-19-le-port-masque-enjeu-d-une-bataille-id\u00e9ologique\"><strong> la situation incompr\u00e9hensible<\/strong><\/a>. Par exemple, dans le Minnesota et en Pennsylvanie les obligations ont \u00e9t\u00e9 imm\u00e9diatement mises \u00e0 jour. La Virginie et le Maryland ont de leur c\u00f4t\u00e9 annonc\u00e9 qu&rsquo;ils s&rsquo;y conformeraient samedi. Et dans le Connecticut, la nouvelle r\u00e8gle ne s&rsquo;appliquera que la semaine prochaine.<\/p>\n<h2>\u00ab\u00a0<em>Les recommandations des CDC entra\u00eenent de la confusion<\/em>\u00a0\u00bb<\/h2>\n<p>M\u00eame imbroglio dans les entreprises, le port du masque n\u2019est plus obligatoire chez Trader Joe&rsquo;s et le num\u00e9ro un am\u00e9ricain de la distribution, Walmart. En revanche, il le reste dans des enseignes comme Aldi, qui a annonc\u00e9 maintenir le <em>statu quo.<\/em><\/p>\n<p>D&rsquo;autres entreprises restent h\u00e9sitantes : dans les usines de General Motors, le masque reste de rigueur le temps \u00ab\u00a0<em>d&rsquo;\u00e9tudier<\/em>\u00a0\u00bb les nouvelles directives. \u00ab\u00a0<em>Les recommandations des CDC entra\u00eenent de la confusion<\/em>\u00a0\u00bb, s&rsquo;est plaint le syndicat de la distribution UFCW.<\/p>\n<p>\u00c0 Las Vegas, les casinos Wynn et Encore suppriment l&rsquo;obligation pour leurs \u00ab\u00a0<em>invit\u00e9s\u00a0<\/em>\u00bb s&rsquo;ils sont \u00ab\u00a0<em>pleinement vaccin\u00e9s\u00a0<\/em>\u00bb, selon un communiqu\u00e9. Le groupe dit \u00ab<em>\u00a0faire confiance<\/em>\u00a0\u00bb aux clients.<\/p>\n<p>Une autre question s\u00e8me la confusion aux \u00c9tats-Unis\u00a0: comment savoir qui est vaccin\u00e9 ou non\u00a0? Il n\u2019existe que peu de moyens de v\u00e9rifier \u00e9tant donn\u00e9 qu\u2019un \u00ab\u00a0<em>passeport sanitaire<\/em>\u00a0\u00bb national a clairement \u00e9t\u00e9 \u00e9cart\u00e9.<\/p>\n<p><em>(Avec <\/em>AFP<em>)<\/em><\/p>\n","protected":false},"excerpt":{"rendered":"<p>Les recommandations du CDC levant le port obligatoire du\u00a0masque pour les personnes vaccin\u00e9es aux \u00c9tats-Unis a pris de court les collectivit\u00e9s locales et entreprises et a provoqu\u00e9 de vifs d\u00e9bats dans le pays. Porter le masque ou pas\u00a0? En int\u00e9rieur ou en ext\u00e9rieur\u00a0? Les Am\u00e9ricains sont perdus. Jeudi 13 mai, la lev\u00e9e par les autorit\u00e9s [&hellip;]<\/p>\n","protected":false},"author":2,"featured_media":24138,"comment_status":"open","ping_status":"closed","sticky":false,"template":"","format":"standard","meta":{"buzzeditor_post_format":"","footnotes":""},"categories":[52],"tags":[],"class_list":["post-24137","post","type-post","status-publish","format-standard","has-post-thumbnail","hentry","category-sante"],"jetpack_featured_media_url":"https:\/\/guineechrono.com\/wp-content\/uploads\/2021\/05\/bavette.jpg","amp_enabled":true,"_links":{"self":[{"href":"https:\/\/guineechrono.com\/index.php\/wp-json\/wp\/v2\/posts\/24137","targetHints":{"allow":["GET"]}}],"collection":[{"href":"https:\/\/guineechrono.com\/index.php\/wp-json\/wp\/v2\/posts"}],"about":[{"href":"https:\/\/guineechrono.com\/index.php\/wp-json\/wp\/v2\/types\/post"}],"author":[{"embeddable":true,"href":"https:\/\/guineechrono.com\/index.php\/wp-json\/wp\/v2\/users\/2"}],"replies":[{"embeddable":true,"href":"https:\/\/guineechrono.com\/index.php\/wp-json\/wp\/v2\/comments?post=24137"}],"version-history":[{"count":0,"href":"https:\/\/guineechrono.com\/index.php\/wp-json\/wp\/v2\/posts\/24137\/revisions"}],"wp:featuredmedia":[{"embeddable":true,"href":"https:\/\/guineechrono.com\/index.php\/wp-json\/wp\/v2\/media\/24138"}],"wp:attachment":[{"href":"https:\/\/guineechrono.com\/index.php\/wp-json\/wp\/v2\/media?parent=24137"}],"wp:term":[{"taxonomy":"category","embeddable":true,"href":"https:\/\/guineechrono.com\/index.php\/wp-json\/wp\/v2\/categories?post=24137"},{"taxonomy":"post_tag","embeddable":true,"href":"https:\/\/guineechrono.com\/index.php\/wp-json\/wp\/v2\/tags?post=24137"}],"curies":[{"name":"wp","href":"https:\/\/api.w.org\/{rel}","templated":true}]}}