{"id":24632,"date":"2021-06-28T15:31:07","date_gmt":"2021-06-28T14:31:07","guid":{"rendered":"https:\/\/guineechrono.com\/?p=24632"},"modified":"2021-06-28T15:31:07","modified_gmt":"2021-06-28T14:31:07","slug":"crise-politique-en-suede-le-premier-ministre-choisit-de-demissionner","status":"publish","type":"post","link":"https:\/\/guineechrono.com\/index.php\/crise-politique-en-suede-le-premier-ministre-choisit-de-demissionner\/","title":{"rendered":"Crise politique en Su\u00e8de: le Premier ministre choisit de d\u00e9missionner"},"content":{"rendered":"<p>Le Premier ministre su\u00e9dois Stefan L\u00f6fven a pr\u00e9sent\u00e9 sa d\u00e9mission, lundi 28 juin, une semaine apr\u00e8s avoir \u00e9t\u00e9 renvers\u00e9 par un vote de d\u00e9fiance. C&rsquo;est d\u00e9sormais\u00a0au pr\u00e9sident du Parlement de trouver un nouveau chef de gouvernement.<\/p>\n<p><a href=\"https:\/\/www.rfi.fr\/fr\/en-bref\/20210621-su\u00e8de-le-premier-ministre-l\u00f6fven-renvers\u00e9-par-un-vote-de-d\u00e9fiance-au-parlement\"><strong>Renvers\u00e9 par un vote de d\u00e9fiance <\/strong><\/a>in\u00e9dit il y a une semaine, le dirigeant social-d\u00e9mocrate a \u00e9chou\u00e9 \u00e0 trouver une majorit\u00e9 en sa faveur. Stefan L\u00f6fven a donc tranch\u00e9 et d\u00e9cid\u00e9 de\u00a0d\u00e9missionner, \u00e9cartant l&rsquo;option d&rsquo;\u00e9lections anticip\u00e9es.\u00a0\u00ab <em>\u00c0 un an des \u00e9lections habituelles, au regard de la situation extraordinaire dans laquelle se trouve le pays, avec une pand\u00e9mie en cours et les d\u00e9fis particuliers que cela entra\u00eenerait, des \u00e9lections anticip\u00e9es ne sont pas ce qu&rsquo;il y a de mieux pour la Su\u00e8de<\/em> \u00bb, a d\u00e9clar\u00e9 Stefan\u00a0L\u00f6fven lors d&rsquo;une conf\u00e9rence de presse lundi.\u00a0Le dirigeant social-d\u00e9mocrate\u00a0avait jusqu&rsquo;\u00e0 ce lundi pour faire part de sa d\u00e9cision.<\/p>\n<p>C&rsquo;est au pr\u00e9sident de la Chambre de tenter de former une nouvelle majorit\u00e9 d\u00e9sormais.<\/p>\n<p>L\u2019avantage de cette d\u00e9cision, c\u2019est qu\u2019elle lui permet de continuer \u00e0 diriger la Su\u00e8de\u00a0\u00e0 la t\u00eate d\u2019un gouvernement de transition, analyse notre correspondant \u00e0 Stockholm, <strong>Fr\u00e9d\u00e9ric Faux<\/strong>. Cela \u00e9vite aussi de nouvelles \u00e9lections \u00e0 sa formation, le vieux parti social-d\u00e9mocrate, qui voit son capital \u00e9lectoral s\u2019\u00e9roder \u00e0 chaque scrutin.<\/p>\n<p>L\u2019inconv\u00e9nient, c\u2019est que dans l\u2019imm\u00e9diat, aucun probl\u00e8me n\u2019est r\u00e9gl\u00e9. La composition du Parlement reste la m\u00eame, avec huit partis, deux blocs de gauche et de droite quasi \u00e0 \u00e9galit\u00e9, s\u00e9par\u00e9s par 63 d\u00e9put\u00e9s d\u2019extr\u00eame droite. Si la droite, repr\u00e9sent\u00e9e par Ulf Kristensson, veut gouverner, elle ne pourra pas se passer de leur soutien. \u00c0 moins que Stefan L\u00f6fven ne r\u00e9ussisse \u00e0 ressouder son camp\u00a0en passant des accords avec d\u2019autres partis\u00a0et ne revienne au pouvoir.<\/p>\n<h2>Loyers r\u00e9gul\u00e9s<\/h2>\n<p>\u00c0 l&rsquo;origine de cette crise politique et de la chute du gouvernement de l&rsquo;ancien syndicaliste m\u00e9tallo,\u00a0un sujet politiquement sensible et symboliquement explosif en Su\u00e8de : les loyers r\u00e9gul\u00e9s\u00a0dont b\u00e9n\u00e9ficient nombre de Su\u00e9dois. Le Parti de gauche avait men\u00e9 \u00e0 terme son ultimatum de voter la d\u00e9fiance avec l&rsquo;opposition de droite et d&rsquo;extr\u00eame droite si l&rsquo;ex\u00e9cutif ne renon\u00e7ait pas \u00e0 un projet de lib\u00e9ralisation des prix.<\/p>\n<p>Les Su\u00e9dois, qui ne vont donc pas revoter, n\u2019ont pas leur mot \u00e0 dire\u00a0mais ils esp\u00e8rent tous ne pas revivre le sc\u00e9nario des \u00e9lections de septembre 2018. Apr\u00e8s ce dernier scrutin, il avait fallu 134 jours de tractation\u00a0pour former le gouvernement.<\/p>\n<p>(<em>avec AFP<\/em>)<\/p>\n<p>&nbsp;<\/p>\n","protected":false},"excerpt":{"rendered":"<p>Le Premier ministre su\u00e9dois Stefan L\u00f6fven a pr\u00e9sent\u00e9 sa d\u00e9mission, lundi 28 juin, une semaine apr\u00e8s avoir \u00e9t\u00e9 renvers\u00e9 par un vote de d\u00e9fiance. C&rsquo;est d\u00e9sormais\u00a0au pr\u00e9sident du Parlement de trouver un nouveau chef de gouvernement. Renvers\u00e9 par un vote de d\u00e9fiance in\u00e9dit il y a une semaine, le dirigeant social-d\u00e9mocrate a \u00e9chou\u00e9 \u00e0 trouver [&hellip;]<\/p>\n","protected":false},"author":2,"featured_media":24633,"comment_status":"open","ping_status":"closed","sticky":false,"template":"","format":"standard","meta":{"buzzeditor_post_format":"","footnotes":""},"categories":[1],"tags":[],"class_list":["post-24632","post","type-post","status-publish","format-standard","has-post-thumbnail","hentry","category-non-classe"],"jetpack_featured_media_url":"https:\/\/guineechrono.com\/wp-content\/uploads\/2021\/06\/suede.jpg","amp_enabled":true,"_links":{"self":[{"href":"https:\/\/guineechrono.com\/index.php\/wp-json\/wp\/v2\/posts\/24632","targetHints":{"allow":["GET"]}}],"collection":[{"href":"https:\/\/guineechrono.com\/index.php\/wp-json\/wp\/v2\/posts"}],"about":[{"href":"https:\/\/guineechrono.com\/index.php\/wp-json\/wp\/v2\/types\/post"}],"author":[{"embeddable":true,"href":"https:\/\/guineechrono.com\/index.php\/wp-json\/wp\/v2\/users\/2"}],"replies":[{"embeddable":true,"href":"https:\/\/guineechrono.com\/index.php\/wp-json\/wp\/v2\/comments?post=24632"}],"version-history":[{"count":0,"href":"https:\/\/guineechrono.com\/index.php\/wp-json\/wp\/v2\/posts\/24632\/revisions"}],"wp:featuredmedia":[{"embeddable":true,"href":"https:\/\/guineechrono.com\/index.php\/wp-json\/wp\/v2\/media\/24633"}],"wp:attachment":[{"href":"https:\/\/guineechrono.com\/index.php\/wp-json\/wp\/v2\/media?parent=24632"}],"wp:term":[{"taxonomy":"category","embeddable":true,"href":"https:\/\/guineechrono.com\/index.php\/wp-json\/wp\/v2\/categories?post=24632"},{"taxonomy":"post_tag","embeddable":true,"href":"https:\/\/guineechrono.com\/index.php\/wp-json\/wp\/v2\/tags?post=24632"}],"curies":[{"name":"wp","href":"https:\/\/api.w.org\/{rel}","templated":true}]}}