{"id":24730,"date":"2021-07-07T16:51:29","date_gmt":"2021-07-07T15:51:29","guid":{"rendered":"https:\/\/guineechrono.com\/?p=24730"},"modified":"2021-07-07T16:51:29","modified_gmt":"2021-07-07T15:51:29","slug":"haiti-le-president-jovenel-moise-assassine-par-un-commando","status":"publish","type":"post","link":"https:\/\/guineechrono.com\/index.php\/haiti-le-president-jovenel-moise-assassine-par-un-commando\/","title":{"rendered":"Ha\u00efti: le pr\u00e9sident Jovenel Mo\u00efse assassin\u00e9 par un commando"},"content":{"rendered":"<p>Le Premier ministre sortant a annonc\u00e9 l&rsquo;assassinat du pr\u00e9sident d&rsquo;Ha\u00efti Jovenel Mo\u00efse par un commando dans la nuit de mardi \u00e0 mercredi.\u00a0\u00c9dition sp\u00e9ciale \u00e0 suivre de 20h10 \u00e0 20h30 TU.<\/p>\n<p>Le pr\u00e9sident ha\u00eftien Jovenel Mo\u00efse, 53 ans, a \u00e9t\u00e9 assassin\u00e9 t\u00f4t mercredi matin 7 juillet.\u00a0Sa r\u00e9sidence, en banlieue de Port-au-Prince, aurait \u00e9t\u00e9 attaqu\u00e9e vers 1h du matin par des hommes arm\u00e9s, a annonc\u00e9 le Premier ministre sortant Claude Joseph dans un communiqu\u00e9.<\/p>\n<p>\u00ab<em> Vers 1h du matin, dans la nuit du mardi 6 au mercredi 7 juillet 2021, un groupe d&rsquo;individus non identifi\u00e9s, dont certains parlaient espagnol ont attaqu\u00e9 la r\u00e9sidence priv\u00e9e du pr\u00e9sident de la R\u00e9publique et ainsi bless\u00e9 mortellement le chef de l&rsquo;\u00c9tat<\/em>\u00a0\u00bb, indique le communiqu\u00e9.<\/p>\n<p>Il pr\u00e9cise que l&rsquo;\u00e9pouse du pr\u00e9sident a \u00e9t\u00e9 bless\u00e9e dans l&rsquo;attaque et hospitalis\u00e9e.<\/p>\n<h2>\u00ab\u00a0<em>Situation s\u00e9curitaire\u00a0sous contr\u00f4le\u00a0<\/em>\u00bb<\/h2>\n<p>Dans son communiqu\u00e9, le Premier ministre sortant appelle aussi la population au calme, indiquant\u00a0que la police et l&rsquo;arm\u00e9e allaient assurer le maintien de l&rsquo;ordre.\u00a0\u00ab <em>La situation s\u00e9curitaire est sous contr\u00f4le\u00a0<\/em>\u00bb, assure-t-il.<\/p>\n<p><strong>rfi<\/strong><\/p>\n","protected":false},"excerpt":{"rendered":"<p>Le Premier ministre sortant a annonc\u00e9 l&rsquo;assassinat du pr\u00e9sident d&rsquo;Ha\u00efti Jovenel Mo\u00efse par un commando dans la nuit de mardi \u00e0 mercredi.\u00a0\u00c9dition sp\u00e9ciale \u00e0 suivre de 20h10 \u00e0 20h30 TU. Le pr\u00e9sident ha\u00eftien Jovenel Mo\u00efse, 53 ans, a \u00e9t\u00e9 assassin\u00e9 t\u00f4t mercredi matin 7 juillet.\u00a0Sa r\u00e9sidence, en banlieue de Port-au-Prince, aurait \u00e9t\u00e9 attaqu\u00e9e vers 1h [&hellip;]<\/p>\n","protected":false},"author":2,"featured_media":24731,"comment_status":"open","ping_status":"closed","sticky":false,"template":"","format":"standard","meta":{"buzzeditor_post_format":"","footnotes":""},"categories":[42],"tags":[],"class_list":["post-24730","post","type-post","status-publish","format-standard","has-post-thumbnail","hentry","category-news"],"jetpack_featured_media_url":"https:\/\/guineechrono.com\/wp-content\/uploads\/2021\/07\/haitiee.jpg","amp_enabled":true,"_links":{"self":[{"href":"https:\/\/guineechrono.com\/index.php\/wp-json\/wp\/v2\/posts\/24730","targetHints":{"allow":["GET"]}}],"collection":[{"href":"https:\/\/guineechrono.com\/index.php\/wp-json\/wp\/v2\/posts"}],"about":[{"href":"https:\/\/guineechrono.com\/index.php\/wp-json\/wp\/v2\/types\/post"}],"author":[{"embeddable":true,"href":"https:\/\/guineechrono.com\/index.php\/wp-json\/wp\/v2\/users\/2"}],"replies":[{"embeddable":true,"href":"https:\/\/guineechrono.com\/index.php\/wp-json\/wp\/v2\/comments?post=24730"}],"version-history":[{"count":0,"href":"https:\/\/guineechrono.com\/index.php\/wp-json\/wp\/v2\/posts\/24730\/revisions"}],"wp:featuredmedia":[{"embeddable":true,"href":"https:\/\/guineechrono.com\/index.php\/wp-json\/wp\/v2\/media\/24731"}],"wp:attachment":[{"href":"https:\/\/guineechrono.com\/index.php\/wp-json\/wp\/v2\/media?parent=24730"}],"wp:term":[{"taxonomy":"category","embeddable":true,"href":"https:\/\/guineechrono.com\/index.php\/wp-json\/wp\/v2\/categories?post=24730"},{"taxonomy":"post_tag","embeddable":true,"href":"https:\/\/guineechrono.com\/index.php\/wp-json\/wp\/v2\/tags?post=24730"}],"curies":[{"name":"wp","href":"https:\/\/api.w.org\/{rel}","templated":true}]}}