{"id":2478,"date":"2018-11-26T20:21:13","date_gmt":"2018-11-26T19:21:13","guid":{"rendered":"http:\/\/guineechrono.com\/?p=2478"},"modified":"2020-05-19T16:33:29","modified_gmt":"2020-05-19T15:33:29","slug":"affaire-3eme-mandat-en-guinee-dr-faya-veut-barrer-la-route-a-alpha-conde","status":"publish","type":"post","link":"https:\/\/guineechrono.com\/index.php\/affaire-3eme-mandat-en-guinee-dr-faya-veut-barrer-la-route-a-alpha-conde\/","title":{"rendered":"Affaire 3\u00e8me mandat en Guin\u00e9e: Dr Faya  veut  barrer la route \u00e0 Alpha Cond\u00e9"},"content":{"rendered":"<p style=\"font-weight: 400\"><strong>Depuis un certain temps, bon nombre de \u00a0guin\u00e9ens restent septique sur la question d\u2019un \u00e9ventuel troisi\u00e8me mandat. Pour le pr\u00e9sident du Bloc Liberal, la gouvernance \u00a0actuelle \u00a0augure l\u2019ambition de pr\u00e9paration d\u2019un troisi\u00e8me mandat d\u2019Alpha Cond\u00e9 d\u2019o\u00f9 il compte \u00a0engager des actions non violentes contre ce projet dans les jours \u00e0 venir<\/strong><\/p>\n<p style=\"font-weight: 400\">C\u2019est l\u2019occasion d\u2019une conf\u00e9rence qu\u2019il a anim\u00e9e \u00a0ce lundi 26 novembre 2018 \u00e0 Conakry.<\/p>\n<p style=\"font-weight: 400\">Pour lui, ce combat s\u2019annonce long, \u00a0parce que la volont\u00e9 semble ardente peut-\u00eatre pour toucher \u00e0 la constitution. Selon lui, c\u2019est en Afrique \u00a0qu\u2019on pense m\u00eame apr\u00e8s dix ans au pouvoir.<\/p>\n<p style=\"font-weight: 400\">\u00ab\u00a0Il y a encore des choses qu\u2019on a commenc\u00e9es, qu\u2019on doit l\u2019achever\u00a0 comme si il n\u2019y a pas d\u2019autres qui peuvent achever ce que vous avez commenc\u00e9. Dans les autres pays, un pr\u00e9sident continue les travaux entam\u00e9s par son \u00a0 pr\u00e9d\u00e9cesseur\u00a0\u00bb.<\/p>\n<p style=\"font-weight: 400\">Poursuivant ,il dira qu\u2019en Afrique chacun veut terminer ce qu\u2019il a commenc\u00e9, \u00ab\u00a0comme Paul Bea a commenc\u00e9 depuis lorsque nous \u00e9tions encore au biberon, il n\u2019a pas encore fini de faire ce qu\u2019il a commenc\u00e9 et il va continuer jusqu&rsquo;\u00e0 ce que ce pays l\u00e0 soit compl\u00e8tement d\u00e9truit\u00a0\u00bb d\u00e9nonce-t-il.<\/p>\n<p style=\"font-weight: 400\">Il ajoute, \u00ab\u00a0\u00a0nous ne souhaitons pas que notre pays puisse faire face \u00e0 une telle situation. Car, selon \u00a0la modification de la constitution pour un troisi\u00e8me mandat, nous avons visit\u00e9 \u00e7a par le pass\u00e9. On se rappel des derni\u00e8res ann\u00e9es du r\u00e8gne du General Lansana Cont\u00e9. \u00a0en 2001, la constitution a \u00e9t\u00e9\u00a0modifi\u00e9e, on donn\u00e9 la possibilit\u00e9 au pr\u00e9sident de continuer \u00e0 se pr\u00e9senter, le pr\u00e9sident \u00e9tait malade le pays \u00e9tait dans les mains des vautours, la faillite est intervenue du cote \u00e9conomique, social, politique et nous avons v\u00e9cu les ann\u00e9es 2000 comme les ann\u00e9es les plus difficiles dans l\u2019histoire politique de notre pays.\u00bba-t-il rappel\u00e9.<\/p>\n<p style=\"font-weight: 400\">Pour finir, il a d\u00e9clar\u00e9 que son a \u00a0d\u00e9cid\u00e9 d\u2019engager une r\u00e9sistance non violente \u00e0 partir de maintenant.\u00a0 \u00ab\u00a0Nous irons vers les populations pour leur expliquer le danger que cela repr\u00e9sente pour notre pays car une dictature n\u2019est ami \u00e0 personne\u00a0\u00bb dit-il.<\/p>\n<p><strong>Aboubacar Pastoria Camara<\/strong><\/p>\n","protected":false},"excerpt":{"rendered":"<p>Depuis un certain temps, bon nombre de \u00a0guin\u00e9ens restent septique sur la question d\u2019un \u00e9ventuel troisi\u00e8me mandat. Pour le pr\u00e9sident du Bloc Liberal, la gouvernance \u00a0actuelle \u00a0augure l\u2019ambition de pr\u00e9paration d\u2019un troisi\u00e8me mandat d\u2019Alpha Cond\u00e9 d\u2019o\u00f9 il compte \u00a0engager des actions non violentes contre ce projet dans les jours \u00e0 venir C\u2019est l\u2019occasion d\u2019une conf\u00e9rence [&hellip;]<\/p>\n","protected":false},"author":2,"featured_media":2476,"comment_status":"open","ping_status":"closed","sticky":false,"template":"","format":"standard","meta":{"buzzeditor_post_format":"","footnotes":""},"categories":[44,1],"tags":[],"class_list":["post-2478","post","type-post","status-publish","format-standard","has-post-thumbnail","hentry","category-economie","category-non-classe"],"jetpack_featured_media_url":"https:\/\/guineechrono.com\/wp-content\/uploads\/2018\/11\/faya.jpg","amp_enabled":true,"_links":{"self":[{"href":"https:\/\/guineechrono.com\/index.php\/wp-json\/wp\/v2\/posts\/2478","targetHints":{"allow":["GET"]}}],"collection":[{"href":"https:\/\/guineechrono.com\/index.php\/wp-json\/wp\/v2\/posts"}],"about":[{"href":"https:\/\/guineechrono.com\/index.php\/wp-json\/wp\/v2\/types\/post"}],"author":[{"embeddable":true,"href":"https:\/\/guineechrono.com\/index.php\/wp-json\/wp\/v2\/users\/2"}],"replies":[{"embeddable":true,"href":"https:\/\/guineechrono.com\/index.php\/wp-json\/wp\/v2\/comments?post=2478"}],"version-history":[{"count":0,"href":"https:\/\/guineechrono.com\/index.php\/wp-json\/wp\/v2\/posts\/2478\/revisions"}],"wp:featuredmedia":[{"embeddable":true,"href":"https:\/\/guineechrono.com\/index.php\/wp-json\/wp\/v2\/media\/2476"}],"wp:attachment":[{"href":"https:\/\/guineechrono.com\/index.php\/wp-json\/wp\/v2\/media?parent=2478"}],"wp:term":[{"taxonomy":"category","embeddable":true,"href":"https:\/\/guineechrono.com\/index.php\/wp-json\/wp\/v2\/categories?post=2478"},{"taxonomy":"post_tag","embeddable":true,"href":"https:\/\/guineechrono.com\/index.php\/wp-json\/wp\/v2\/tags?post=2478"}],"curies":[{"name":"wp","href":"https:\/\/api.w.org\/{rel}","templated":true}]}}