{"id":24893,"date":"2021-07-26T16:36:04","date_gmt":"2021-07-26T15:36:04","guid":{"rendered":"https:\/\/guineechrono.com\/?p=24893"},"modified":"2021-07-26T16:36:04","modified_gmt":"2021-07-26T15:36:04","slug":"guinee-examens-nationaux-session-2021-plus-de-150-000-candidats-affrontent-le-bepc","status":"publish","type":"post","link":"https:\/\/guineechrono.com\/index.php\/guinee-examens-nationaux-session-2021-plus-de-150-000-candidats-affrontent-le-bepc\/","title":{"rendered":"Guin\u00e9e\/Examens nationaux session 2021: Plus de 150.000 candidats affrontent le BEPC"},"content":{"rendered":"<p>Plus de 150.000 candidats affrontent le Brevet d\u2019\u00e9tudes du premier cycle cette ann\u00e9e. Cet examen national est d\u00e9centralis\u00e9 par le MEN-A et les Inspections R\u00e9gionales de l\u2019\u00e9ducation (IRE) sont rendues enti\u00e8rement responsables de son organisation et de sa gestion.<br \/>\nPour la zone sp\u00e9ciale de Conakry, c\u2019est le gouverneur G\u00e9n\u00e9ral Mathurin BANGOURA qui a ouvert la premi\u00e8re enveloppe dans la commune de Ratoma. Accompagn\u00e9 de Madame l\u2019inspectrice r\u00e9gionale de l\u2019\u00e9ducation L\u00e9ontine CISSOKO, du maire de la commune de Ratoma et de plusieurs cadres du Minist\u00e8re de l\u2019\u00e9ducation nationale et de l\u2019alphab\u00e9tisation, le no 1 de la ville de Conakry a saisi l\u2019occasion pour prodiguer d\u2019utiles conseils aux candidats. Pour le g\u00e9n\u00e9ral Mathurin BANGOURA, la vraie r\u00e9ussite est au bout de l\u2019effort. Tout en f\u00e9licitant le MEN-A pour les dispositions sanitaires et s\u00e9curitaires prises, Il a demand\u00e9 \u00e0 tous les candidats d\u2019\u00e9viter la fraude.<\/p>\n<p><strong>MENA<\/strong><\/p>\n","protected":false},"excerpt":{"rendered":"<p>Plus de 150.000 candidats affrontent le Brevet d\u2019\u00e9tudes du premier cycle cette ann\u00e9e. Cet examen national est d\u00e9centralis\u00e9 par le MEN-A et les Inspections R\u00e9gionales de l\u2019\u00e9ducation (IRE) sont rendues enti\u00e8rement responsables de son organisation et de sa gestion. Pour la zone sp\u00e9ciale de Conakry, c\u2019est le gouverneur G\u00e9n\u00e9ral Mathurin BANGOURA qui a ouvert la [&hellip;]<\/p>\n","protected":false},"author":2,"featured_media":24894,"comment_status":"open","ping_status":"closed","sticky":false,"template":"","format":"standard","meta":{"buzzeditor_post_format":"","footnotes":""},"categories":[1],"tags":[],"class_list":["post-24893","post","type-post","status-publish","format-standard","has-post-thumbnail","hentry","category-non-classe"],"jetpack_featured_media_url":"https:\/\/guineechrono.com\/wp-content\/uploads\/2021\/07\/elevee.jpg","amp_enabled":true,"_links":{"self":[{"href":"https:\/\/guineechrono.com\/index.php\/wp-json\/wp\/v2\/posts\/24893","targetHints":{"allow":["GET"]}}],"collection":[{"href":"https:\/\/guineechrono.com\/index.php\/wp-json\/wp\/v2\/posts"}],"about":[{"href":"https:\/\/guineechrono.com\/index.php\/wp-json\/wp\/v2\/types\/post"}],"author":[{"embeddable":true,"href":"https:\/\/guineechrono.com\/index.php\/wp-json\/wp\/v2\/users\/2"}],"replies":[{"embeddable":true,"href":"https:\/\/guineechrono.com\/index.php\/wp-json\/wp\/v2\/comments?post=24893"}],"version-history":[{"count":0,"href":"https:\/\/guineechrono.com\/index.php\/wp-json\/wp\/v2\/posts\/24893\/revisions"}],"wp:featuredmedia":[{"embeddable":true,"href":"https:\/\/guineechrono.com\/index.php\/wp-json\/wp\/v2\/media\/24894"}],"wp:attachment":[{"href":"https:\/\/guineechrono.com\/index.php\/wp-json\/wp\/v2\/media?parent=24893"}],"wp:term":[{"taxonomy":"category","embeddable":true,"href":"https:\/\/guineechrono.com\/index.php\/wp-json\/wp\/v2\/categories?post=24893"},{"taxonomy":"post_tag","embeddable":true,"href":"https:\/\/guineechrono.com\/index.php\/wp-json\/wp\/v2\/tags?post=24893"}],"curies":[{"name":"wp","href":"https:\/\/api.w.org\/{rel}","templated":true}]}}