{"id":25042,"date":"2021-08-12T17:07:31","date_gmt":"2021-08-12T16:07:31","guid":{"rendered":"https:\/\/guineechrono.com\/?p=25042"},"modified":"2021-08-12T17:07:31","modified_gmt":"2021-08-12T16:07:31","slug":"guinee-le-premier-ministre-promet-de-reveiller-la-filiere-coton","status":"publish","type":"post","link":"https:\/\/guineechrono.com\/index.php\/guinee-le-premier-ministre-promet-de-reveiller-la-filiere-coton\/","title":{"rendered":"Guin\u00e9e : le premier ministre promet de r\u00e9veiller la fili\u00e8re coton"},"content":{"rendered":"<p>Conakry, le 12 Ao\u00fbt 2021 \u2013 Le Premier ministre, Chef du Gouvernement a re\u00e7u une d\u00e9l\u00e9gation de l\u2019Association des Jeunes pour la Valorisation du Coton.<\/p>\n<p>La d\u00e9l\u00e9gation conduite par Lassine Kon\u00e9 a pr\u00e9sent\u00e9 son projet de d\u00e9veloppement et de valorisation de la fili\u00e8re cotonni\u00e8re \u00e0 travers l\u2019organisation du festival panafricain de la cotonnade.<\/p>\n<p>Apr\u00e8s la tenue au Mali de quatre festivals, l\u2019Association des Jeunes pour la Valorisation du Coton porte son choix sur la R\u00e9publique de Guin\u00e9e pour abriter la cinqui\u00e8me \u00e9dition dudit \u00e9v\u00e9nement. L\u2019Association sollicite l\u2019appui du Premier ministre pour le Forum d\u2019Investissement sur le Coton \u00e0 Conakry les 10 et 11 d\u00e9cembre suivi du festival panafricain de la cotonnade les 16 et 19 d\u00e9cembre \u00e0 Kankan. Ces deux \u00e9v\u00e9nements seront l\u2019occasion de r\u00e9unir l\u2019ensemble des acteurs concern\u00e9s autour du th\u00e8me \u00ab L\u2019avenir du coton, enjeux social et \u00e9conomique, facteur de d\u00e9veloppement et de stabilit\u00e9 en Afrique de l\u2019Ouest \u00bb.<\/p>\n<p>Primature Guin\u00e9e.<\/p>\n<p>Pour plus de d\u00e9tails, pri\u00e8re de cliquer sur le lien suivant : https:\/\/vu.fr\/lxNa<\/p>\n","protected":false},"excerpt":{"rendered":"<p>Conakry, le 12 Ao\u00fbt 2021 \u2013 Le Premier ministre, Chef du Gouvernement a re\u00e7u une d\u00e9l\u00e9gation de l\u2019Association des Jeunes pour la Valorisation du Coton. La d\u00e9l\u00e9gation conduite par Lassine Kon\u00e9 a pr\u00e9sent\u00e9 son projet de d\u00e9veloppement et de valorisation de la fili\u00e8re cotonni\u00e8re \u00e0 travers l\u2019organisation du festival panafricain de la cotonnade. Apr\u00e8s la [&hellip;]<\/p>\n","protected":false},"author":2,"featured_media":25043,"comment_status":"open","ping_status":"closed","sticky":false,"template":"","format":"standard","meta":{"buzzeditor_post_format":"","footnotes":""},"categories":[44],"tags":[],"class_list":["post-25042","post","type-post","status-publish","format-standard","has-post-thumbnail","hentry","category-economie"],"jetpack_featured_media_url":"https:\/\/guineechrono.com\/wp-content\/uploads\/2021\/08\/coton.jpg","amp_enabled":true,"_links":{"self":[{"href":"https:\/\/guineechrono.com\/index.php\/wp-json\/wp\/v2\/posts\/25042","targetHints":{"allow":["GET"]}}],"collection":[{"href":"https:\/\/guineechrono.com\/index.php\/wp-json\/wp\/v2\/posts"}],"about":[{"href":"https:\/\/guineechrono.com\/index.php\/wp-json\/wp\/v2\/types\/post"}],"author":[{"embeddable":true,"href":"https:\/\/guineechrono.com\/index.php\/wp-json\/wp\/v2\/users\/2"}],"replies":[{"embeddable":true,"href":"https:\/\/guineechrono.com\/index.php\/wp-json\/wp\/v2\/comments?post=25042"}],"version-history":[{"count":0,"href":"https:\/\/guineechrono.com\/index.php\/wp-json\/wp\/v2\/posts\/25042\/revisions"}],"wp:featuredmedia":[{"embeddable":true,"href":"https:\/\/guineechrono.com\/index.php\/wp-json\/wp\/v2\/media\/25043"}],"wp:attachment":[{"href":"https:\/\/guineechrono.com\/index.php\/wp-json\/wp\/v2\/media?parent=25042"}],"wp:term":[{"taxonomy":"category","embeddable":true,"href":"https:\/\/guineechrono.com\/index.php\/wp-json\/wp\/v2\/categories?post=25042"},{"taxonomy":"post_tag","embeddable":true,"href":"https:\/\/guineechrono.com\/index.php\/wp-json\/wp\/v2\/tags?post=25042"}],"curies":[{"name":"wp","href":"https:\/\/api.w.org\/{rel}","templated":true}]}}