{"id":25073,"date":"2021-08-19T11:57:11","date_gmt":"2021-08-19T10:57:11","guid":{"rendered":"https:\/\/guineechrono.com\/?p=25073"},"modified":"2021-08-19T11:57:11","modified_gmt":"2021-08-19T10:57:11","slug":"tibou-repond-au-barreau-de-guinee-la-justice-est-une-affaire-de-tous","status":"publish","type":"post","link":"https:\/\/guineechrono.com\/index.php\/tibou-repond-au-barreau-de-guinee-la-justice-est-une-affaire-de-tous\/","title":{"rendered":"Tibou r\u00e9pond au Barreau de Guin\u00e9e : \u00ab La justice est une affaire de tous \u00bb"},"content":{"rendered":"<p>Dans un \u00c9tat de Droit et une soci\u00e9t\u00e9 d\u00e9mocratique, chacun a droit \u00e0 la parole et peut user de la libert\u00e9 d\u2019expression. Ce droit inali\u00e9nable et cette libert\u00e9 fondamentale sont des acquis pour tous. On ne peut interdire \u00e0 personne d\u2019exprimer ses id\u00e9es et ses opinions, ou de prendre position dans un d\u00e9bat ouvert et public pour dire ce qui va et ce qui reste \u00e0 faire. Cependant, il ne faut pas esp\u00e9rer l\u2019indiff\u00e9rence devant toute prise de position ou s\u2019attendre \u00e0 ne jamais \u00eatre d\u00e9menti.<\/p>\n<p>Le jugement que le barreau, qui est dans son droit de se prononcer sur les affaires de la justice, a port\u00e9 sur le fonctionnement de l\u2019institution judiciaire est loin de faire l\u2019unanimit\u00e9. C\u2019est m\u00eame devenu un sujet de controverse qui t\u00e9moigne qu\u2019en D\u00e9mocratie, personne ne peut avoir le monopole de la v\u00e9rit\u00e9, et qu\u2019en mati\u00e8re de Droit, il n\u2019y a pas de dogme ni de certitudes absolues.<\/p>\n<p><strong>Chacun se pose la question du pourquoi de cette sortie. Pourquoi maintenant et \u00e0 quelles fins ?<\/strong><\/p>\n<p>L\u2019Ordre national des avocats semble s\u2019insurger contre une Justice qui est sa raison d\u2019\u00eatre, sa famille et la source de sa l\u00e9gitimit\u00e9. Avant, c\u2019\u00e9tait \u00e0 travers les prises de positions isol\u00e9es de certains de ses membres qu\u2019on sentait les signes de la d\u00e9fiance et le malaise. Cette fois, c\u2019est toute la corporation qui s\u2019engage dans ce qui ressemble bien \u00e0 une embard\u00e9e et des actes de rupture. Pourtant, habituellement, tout le corps de la justice se montre solidaire lorsque l\u2019on met en doute son int\u00e9grit\u00e9, ou quand son ind\u00e9pendance souffre d\u2019entraves. La r\u00e8gle a toujours \u00e9t\u00e9 que ne parlent de justice que les initi\u00e9s et les voix autoris\u00e9es dans un \u00e9sot\u00e9risme et sectarisme inviolables.<\/p>\n<p><strong>Aussi, les critiques des citoyens sont-elles les malvenues, puisque per\u00e7ues alors comme un outrage \u00e0 la justice. Qu\u2019en est-il de celles des avocats, qui demeurent des justiciables aussi?<\/strong><\/p>\n<p>La sortie des avocats, jug\u00e9e tardive par certains, inappropri\u00e9e pour d\u2019autres, faite peut-\u00eatre malgr\u00e9 eux, les met sur la sellette. Combien d\u2019occasions ont-ils manqu\u00e9 de se faire entendre ? N\u2019ont-ils pas gard\u00e9 le mutisme devant des faits et \u00e9v\u00e9nements plus graves que ceux invoqu\u00e9s, parfois des violations qui les interpellaient autant sinon davantage ?<\/p>\n<p>La Guin\u00e9e a connu des violences meurtri\u00e8res, des crimes abominables qui ont fortement \u00e9prouv\u00e9 les fondements de l\u2019\u00c9tat de Droit, de notre R\u00e9publique et de ses lois, et qui ont surtout failli remettre en cause le vivre-ensemble. Quelle voix s\u2019est \u00e9lev\u00e9e pour le condamner et s\u2019en indigner ? Y-a-t-il une justice possible dans la violence et la chienlit ? Qui est coupable de toutes les d\u00e9rives, s\u2019il y en a ou il y en a eu ? Ceux qui s\u2019affranchissent des exigences de la Loi, et voudraient vivre en marge de la soci\u00e9t\u00e9 et de ses valeurs, ou l\u2019Etat dont c\u2019est la mission r\u00e9galienne de d\u00e9fendre le pacte r\u00e9publicain, le contrat social, de prot\u00e9ger la vie des citoyens et leurs biens ?<\/p>\n<p><strong>Les avocats, par ailleurs, ne sont-ils pas les gardiens de la loi et des valeurs de la soci\u00e9t\u00e9 dans le sillage de la justice?<\/strong><\/p>\n<p>Des questions qui m\u00e9ritent d\u2019\u00eatre pos\u00e9es dans une soci\u00e9t\u00e9 d\u2019indignation s\u00e9lective, o\u00f9 la loi ne serait faite que pour certains, la justice ne concernerait que d\u2019autres.<\/p>\n<p>La v\u00e9rit\u00e9, depuis un certain temps de longue r\u00e9cr\u00e9ation d\u00e9mocratique et de laisser-aller judiciaire, des libert\u00e9s et des droits indus sont acquis et consacr\u00e9s dans l\u2019indiff\u00e9rence et la complicit\u00e9 coupables de tous. Le retour \u00e0 la normalit\u00e9 est v\u00e9cu comme un abus de pouvoir et une d\u00e9rive autocratique. Le monde \u00e0 l\u2019envers !<\/p>\n<p>Quant aux avocats, beaucoup parmi eux semblent se complaire dans des postures m\u00e9diatiques narcissiques qui les \u00e9loignent du Droit et menacent les int\u00e9r\u00eats de leurs clients. Aux yeux de nombreux Guin\u00e9ens, ceux-ci sont devenus plus des ic\u00f4nes m\u00e9diatiques, des acteurs de la vie politique et des chroniqueurs que des auxiliaires de justice et praticiens scrupuleux du Droit avec une haute conscience professionnelle. Ils ont vocation \u00e0 d\u00e9fendre et excuser, \u00e0 lib\u00e9rer aussi. Doivent-ils alors plaider la prison, pour quelque raison que ce soit ?<\/p>\n<p>Dans le cas qui nous concerne, en s\u2019attaquant aujourd\u2019hui \u00e0 une d\u00e9cision qu\u2019il juge ill\u00e9gale du fait de la qualit\u00e9 de celui qui l\u2019a prise, oublient-ils que c\u2019est le m\u00eame qui a accord\u00e9, il y a peu et dans des conditions (ill\u00e9gales ?) similaires, la semi-libert\u00e9 \u00e0 des c\u00e9l\u00e8bres d\u00e9tenus, y compris celui dont le retour en prison fait tant de bruit ? Pourtant, le fait d\u2019accorder cette semi-libert\u00e9 avait \u00e9t\u00e9 salu\u00e9e jusque dans les rangs du barreau. La remettre en cause ne voudrait-il pas dire alors que ceux qui savourent encore les retrouvailles avec leurs familles respectives devraient tous retourner \u00e0 la case prison ?<\/p>\n<p>A c\u00f4t\u00e9 de leurs cris d\u2019orfraie pour d\u00e9noncer des d\u00e9nis de justice pas toujours \u00e9vidents, il y a un m\u00e9lange insupportable des genres qui affecte l\u2019interpr\u00e9tation du droit, entame aussi la fiabilit\u00e9 et la rigueur des arguments d\u00e9velopp\u00e9s.<\/p>\n<p>Le Droit n\u2019est pas la politique, la politique n\u2019est pas le Droit. Combien sommes-nous \u00e0 le comprendre et \u00e0 faire aussi la diff\u00e9rence ?<\/p>\n<p><strong>Tibou Kamara<\/strong><\/p>\n<p>&nbsp;<\/p>\n<p>&nbsp;<\/p>\n","protected":false},"excerpt":{"rendered":"<p>Dans un \u00c9tat de Droit et une soci\u00e9t\u00e9 d\u00e9mocratique, chacun a droit \u00e0 la parole et peut user de la libert\u00e9 d\u2019expression. Ce droit inali\u00e9nable et cette libert\u00e9 fondamentale sont des acquis pour tous. On ne peut interdire \u00e0 personne d\u2019exprimer ses id\u00e9es et ses opinions, ou de prendre position dans un d\u00e9bat ouvert et [&hellip;]<\/p>\n","protected":false},"author":2,"featured_media":25074,"comment_status":"open","ping_status":"closed","sticky":false,"template":"","format":"standard","meta":{"buzzeditor_post_format":"","footnotes":""},"categories":[42],"tags":[],"class_list":["post-25073","post","type-post","status-publish","format-standard","has-post-thumbnail","hentry","category-news"],"jetpack_featured_media_url":"https:\/\/guineechrono.com\/wp-content\/uploads\/2021\/08\/tibouu.jpeg","amp_enabled":true,"_links":{"self":[{"href":"https:\/\/guineechrono.com\/index.php\/wp-json\/wp\/v2\/posts\/25073","targetHints":{"allow":["GET"]}}],"collection":[{"href":"https:\/\/guineechrono.com\/index.php\/wp-json\/wp\/v2\/posts"}],"about":[{"href":"https:\/\/guineechrono.com\/index.php\/wp-json\/wp\/v2\/types\/post"}],"author":[{"embeddable":true,"href":"https:\/\/guineechrono.com\/index.php\/wp-json\/wp\/v2\/users\/2"}],"replies":[{"embeddable":true,"href":"https:\/\/guineechrono.com\/index.php\/wp-json\/wp\/v2\/comments?post=25073"}],"version-history":[{"count":0,"href":"https:\/\/guineechrono.com\/index.php\/wp-json\/wp\/v2\/posts\/25073\/revisions"}],"wp:featuredmedia":[{"embeddable":true,"href":"https:\/\/guineechrono.com\/index.php\/wp-json\/wp\/v2\/media\/25074"}],"wp:attachment":[{"href":"https:\/\/guineechrono.com\/index.php\/wp-json\/wp\/v2\/media?parent=25073"}],"wp:term":[{"taxonomy":"category","embeddable":true,"href":"https:\/\/guineechrono.com\/index.php\/wp-json\/wp\/v2\/categories?post=25073"},{"taxonomy":"post_tag","embeddable":true,"href":"https:\/\/guineechrono.com\/index.php\/wp-json\/wp\/v2\/tags?post=25073"}],"curies":[{"name":"wp","href":"https:\/\/api.w.org\/{rel}","templated":true}]}}