{"id":25087,"date":"2021-08-19T15:43:39","date_gmt":"2021-08-19T14:43:39","guid":{"rendered":"https:\/\/guineechrono.com\/?p=25087"},"modified":"2021-08-19T15:43:39","modified_gmt":"2021-08-19T14:43:39","slug":"afghanistan-pour-joe-biden-il-etait-impossible-de-quitter-le-pays-sans-une-forme-de-chaos","status":"publish","type":"post","link":"https:\/\/guineechrono.com\/index.php\/afghanistan-pour-joe-biden-il-etait-impossible-de-quitter-le-pays-sans-une-forme-de-chaos\/","title":{"rendered":"Afghanistan: pour Joe Biden, il \u00e9tait impossible de quitter le pays sans une forme de \u00abchaos\u00bb"},"content":{"rendered":"<p>Tr\u00e8s critiqu\u00e9, notamment pour son silence, depuis que les talibans ont repris le pouvoir, Joe Biden s\u2019est exprim\u00e9 lors d&rsquo;une interview exclusive sur la cha\u00eene ABC. Le pr\u00e9sident am\u00e9ricain maintient sa position et ne regrette pas le retrait des troupes am\u00e9ricaines du pays.<\/p>\n<p>Lorsque le journaliste d\u2019<em>ABC<\/em> lui demande s\u2019il s\u2019agit d\u2019un \u00e9chec des renseignements, si des erreurs ont \u00e9t\u00e9 commises, <a href=\"https:\/\/www.rfi.fr\/fr\/asie-pacifique\/20210816-afghanistan-joe-biden-d\u00e9fend-le-retrait-des-troupes-am\u00e9ricaines-et-menace-les-talibans\"><strong>Joe Biden<\/strong><\/a> reste droit dans ses bottes. La r\u00e9ponse est non. Pour le pr\u00e9sident am\u00e9ricain, le <a href=\"https:\/\/www.rfi.fr\/fr\/europe\/20210818-afghanistan-talibans-discours-pratique-negociatons-karzai\"><strong>retour rapide des talibans au pouvoir<\/strong><\/a> est en grande partie la responsabilit\u00e9 des <a href=\"https:\/\/www.rfi.fr\/fr\/asie-pacifique\/20210818-le-pr\u00e9sident-d\u00e9chu-ashraf-ghani-s-adresse-\u00e0-l-afghanistan-depuis-abou-dhabi\"><strong>autorit\u00e9s afghanes<\/strong><\/a>.<\/p>\n<p>\u00ab\u00a0<em>Quand vous avez le chef du gouvernement qui prend l\u2019avion pour fuir, quand vous avez l\u2019effondrement des troupes afghanes que nous avons entra\u00een\u00e9es, c\u2019est ce qui arrive\u00a0<\/em>\u00bb, explique le pr\u00e9sident am\u00e9ricain.<\/p>\n<p>Sur la situation \u00e0 l\u2019a\u00e9roport de Kaboul, Joe Biden estime que les choses sont d\u00e9sormais sous contr\u00f4le, apr\u00e8s un chaos in\u00e9vitable, selon lui: \u00ab\u00a0<em>L\u2019id\u00e9e qu\u2019on aurait pu se retirer sans que le chaos s\u2019ensuive, je ne vois pas comment cela est possible.<\/em>\u00a0\u00bb<\/p>\n<h2>Maintenir les soldats am\u00e9ricains au-del\u00e0 du 31 ao\u00fbt si n\u00e9cessaire<\/h2>\n<p>Tout en s\u2019engageant \u00e0 poursuivre les \u00e9vacuations, Joe Biden reconna\u00eet rencontrer plus de difficult\u00e9s \u00e0 \u00e9vacuer les alli\u00e9s afghans. Mais il n\u2019exclut pas de maintenir les soldats am\u00e9ricains sur place au-del\u00e0 de la date limite du 31 ao\u00fbt, jusqu\u2019\u00e0 ce que tous les ressortissants am\u00e9ricains soient \u00e9vacu\u00e9s.<\/p>\n<p>\u00ab\u00a0<em>Nous d\u00e9terminerons le moment venu qui est encore l\u00e0-bas<\/em>\u00a0\u00bb, a d\u00e9clar\u00e9 le pr\u00e9sident am\u00e9ricain dans un extrait de l\u2019entretien diffus\u00e9 par la cha\u00eene t\u00e9l\u00e9vis\u00e9e ABC. \u00ab\u00a0<em>S&rsquo;il y a encore des citoyens am\u00e9ricains, nous resterons pour les faire sortir<\/em>\u00a0\u00bb, a-t-il ajout\u00e9, sans pr\u00e9ciser les intentions am\u00e9ricaines concernant les Afghans qui n&rsquo;auraient pas r\u00e9ussi \u00e0 gagner l&rsquo;a\u00e9roport de Kaboul d&rsquo;ici l\u00e0.<\/p>\n<p>L&rsquo;op\u00e9ration d&rsquo;\u00e9vacuation des milliers de civils am\u00e9ricains et afghans, qui se pressent aux abords de l&rsquo;a\u00e9roport de Kaboul pour tenter de fuir le pays apr\u00e8s le retour au pouvoir des talibans, d\u00e9pend enti\u00e8rement du bon vouloir des insurg\u00e9s. Or, le d\u00e9partement d&rsquo;\u00c9tat les a accus\u00e9s ce mercredi de ne pas respecter leurs promesses, en permettant aux \u00e9trangers de quitter le pays, mais pas aux Afghans.<\/p>\n<p><strong>AFP<\/strong><\/p>\n","protected":false},"excerpt":{"rendered":"<p>Tr\u00e8s critiqu\u00e9, notamment pour son silence, depuis que les talibans ont repris le pouvoir, Joe Biden s\u2019est exprim\u00e9 lors d&rsquo;une interview exclusive sur la cha\u00eene ABC. Le pr\u00e9sident am\u00e9ricain maintient sa position et ne regrette pas le retrait des troupes am\u00e9ricaines du pays. Lorsque le journaliste d\u2019ABC lui demande s\u2019il s\u2019agit d\u2019un \u00e9chec des renseignements, [&hellip;]<\/p>\n","protected":false},"author":2,"featured_media":25088,"comment_status":"open","ping_status":"closed","sticky":false,"template":"","format":"standard","meta":{"buzzeditor_post_format":"","footnotes":""},"categories":[42],"tags":[],"class_list":["post-25087","post","type-post","status-publish","format-standard","has-post-thumbnail","hentry","category-news"],"jetpack_featured_media_url":"https:\/\/guineechrono.com\/wp-content\/uploads\/2021\/08\/JEO.jpg","amp_enabled":true,"_links":{"self":[{"href":"https:\/\/guineechrono.com\/index.php\/wp-json\/wp\/v2\/posts\/25087","targetHints":{"allow":["GET"]}}],"collection":[{"href":"https:\/\/guineechrono.com\/index.php\/wp-json\/wp\/v2\/posts"}],"about":[{"href":"https:\/\/guineechrono.com\/index.php\/wp-json\/wp\/v2\/types\/post"}],"author":[{"embeddable":true,"href":"https:\/\/guineechrono.com\/index.php\/wp-json\/wp\/v2\/users\/2"}],"replies":[{"embeddable":true,"href":"https:\/\/guineechrono.com\/index.php\/wp-json\/wp\/v2\/comments?post=25087"}],"version-history":[{"count":0,"href":"https:\/\/guineechrono.com\/index.php\/wp-json\/wp\/v2\/posts\/25087\/revisions"}],"wp:featuredmedia":[{"embeddable":true,"href":"https:\/\/guineechrono.com\/index.php\/wp-json\/wp\/v2\/media\/25088"}],"wp:attachment":[{"href":"https:\/\/guineechrono.com\/index.php\/wp-json\/wp\/v2\/media?parent=25087"}],"wp:term":[{"taxonomy":"category","embeddable":true,"href":"https:\/\/guineechrono.com\/index.php\/wp-json\/wp\/v2\/categories?post=25087"},{"taxonomy":"post_tag","embeddable":true,"href":"https:\/\/guineechrono.com\/index.php\/wp-json\/wp\/v2\/tags?post=25087"}],"curies":[{"name":"wp","href":"https:\/\/api.w.org\/{rel}","templated":true}]}}