{"id":25104,"date":"2021-08-20T15:49:25","date_gmt":"2021-08-20T14:49:25","guid":{"rendered":"https:\/\/guineechrono.com\/?p=25104"},"modified":"2021-08-20T15:49:25","modified_gmt":"2021-08-20T14:49:25","slug":"un-cas-debola-en-cote-divoire-la-guinee-demande-une-nouvelle-analyse","status":"publish","type":"post","link":"https:\/\/guineechrono.com\/index.php\/un-cas-debola-en-cote-divoire-la-guinee-demande-une-nouvelle-analyse\/","title":{"rendered":"Un cas d\u2019Ebola en C\u00f4te d\u2019Ivoire: la Guin\u00e9e demande une nouvelle analyse"},"content":{"rendered":"<p>Les autorit\u00e9s guin\u00e9ennes ont demand\u00e9 jeudi \u00e0 la C\u00f4te d\u2019Ivoire de proc\u00e9der \u00e0 une nouvelle analyse de la jeune Guin\u00e9enne chez qui le virus Ebola a \u00e9t\u00e9 d\u00e9tect\u00e9 \u00e0 Abidjan, \u00e9voquant des \u201cinterrogations\u201d sur le diagnostic initial.<\/p>\n<p>Un cas de fi\u00e8vre h\u00e9morragique Ebola a \u00e9t\u00e9 d\u00e9tect\u00e9 samedi \u00e0 Abidjan chez une Guin\u00e9enne \u00e2g\u00e9e de 18 ans, arriv\u00e9e en C\u00f4te d\u2019Ivoire le 11 ao\u00fbt en provenance de la ville guin\u00e9enne de Lab\u00e9 (nord), un trajet de plus de 1.500 km qu\u2019elle a fait par la route.<\/p>\n<p>\u201cL\u2019am\u00e9lioration des sympt\u00f4mes de la maladie et l\u2019am\u00e9lioration du tableau clinique en 48 heures suscitent des interrogations, connaissant l\u2019\u00e9volution classique de la maladie\u201d, a \u00e9crit le ministre guin\u00e9en de la Sant\u00e9, R\u00e9my Lamah, dans un courrier officiel consult\u00e9 par l\u2019AFP.<\/p>\n<p>Le ministre a \u00e9galement soulign\u00e9, dans cette lettre adress\u00e9e \u00e0 l\u2019Organisation mondiale de la sant\u00e9 (OMS), que l\u2019\u00e9quipe m\u00e9dicale guin\u00e9enne envoy\u00e9e \u00e0 Abidjan n\u2019avait pas pu avoir acc\u00e8s \u00e0 la patiente.<\/p>\n<p>La ville de Lab\u00e9, d\u2019o\u00f9 est originaire la jeune Guin\u00e9enne, \u201cn\u2019a pas enregistr\u00e9 de cas de maladie \u00e0 virus Ebola durant les \u00e9pisodes nationaux de 2014-2016 et de 2021\u201d, a soulign\u00e9 R\u00e9my Lamah.<\/p>\n<p>\u201cConsid\u00e9rant tout ce qui pr\u00e9c\u00e8de, la Guin\u00e9e sollicite aupr\u00e8s des autorit\u00e9s ivoiriennes \u00e0 travers l\u2019OMS une reconfirmation de ce cas \u00e0 travers l\u2019Institut Pasteur de Dakar et si possible un autre laboratoire accr\u00e9dit\u00e9\u201d, a ajout\u00e9 le ministre.<\/p>\n<p>Le directeur de l\u2019Agence nationale de la s\u00e9curit\u00e9 sanitaire de Guin\u00e9e, Sakoba Ke\u00efta, a jug\u00e9 \u201cinsolite et atypique\u201d le cas d\u00e9tect\u00e9 \u00e0 Abidjan, relevant qu\u2019aucun cas n\u2019avait \u00e9t\u00e9 d\u00e9tect\u00e9 dans la famille de la jeune fille en Guin\u00e9e, chez le chauffeur qui l\u2019a transport\u00e9e, ou chez les autres passagers, plus de dix jours apr\u00e8s son d\u00e9part.<\/p>\n<p>\u201cIl y a eu d\u00e9j\u00e0 eu des cas o\u00f9 on a assist\u00e9 \u00e0 des erreurs de laboratoires\u201d, a-t-il dit \u00e0 l\u2019AFP, \u00e9voquant la \u201cn\u00e9cessit\u00e9 d\u2019un approfondissement de l\u2019investigation\u201d.<\/p>\n<p>Lors de son voyage, la jeune fille a notamment travers\u00e9 la Guin\u00e9e foresti\u00e8re, o\u00f9 s\u2019\u00e9tait d\u00e9clench\u00e9e l\u2019\u00e9pid\u00e9mie de 2021, mais aussi celle qui a frapp\u00e9 l\u2019Afrique de l\u2019Ouest entre la fin 2013 et 2016.<\/p>\n<p>Ce cas a \u00e9t\u00e9 d\u00e9tect\u00e9 moins de deux mois apr\u00e8s que la Guin\u00e9e \u2013 l\u2019un des pays les plus pauvres au monde \u2013 a d\u00e9clar\u00e9 la fin d\u2019une \u00e9pid\u00e9mie d\u2019Ebola qui avait \u00e9clat\u00e9 au d\u00e9but de l\u2019ann\u00e9e, faisant douze morts.<\/p>\n<p>La Guin\u00e9e a d\u00e9j\u00e0 \u00e9t\u00e9 s\u00e9v\u00e8rement \u00e9prouv\u00e9e par la fi\u00e8vre h\u00e9morragique due au virus Ebola, qui y avait tu\u00e9 2.500 personnes entre fin 2013 et 2016 et qui avait fait plus de 11.300 morts, y compris chez ses voisins lib\u00e9rien et sierra-l\u00e9onais, deux autres des pays parmi les plus pauvres au monde. Un bilan sous-\u00e9valu\u00e9 de l\u2019aveu m\u00eame de l\u2019Organisation mondiale de la sant\u00e9 (OMS).<\/p>\n<p><strong>Avec AFP<\/strong><\/p>\n<p>&nbsp;<\/p>\n","protected":false},"excerpt":{"rendered":"<p>Les autorit\u00e9s guin\u00e9ennes ont demand\u00e9 jeudi \u00e0 la C\u00f4te d\u2019Ivoire de proc\u00e9der \u00e0 une nouvelle analyse de la jeune Guin\u00e9enne chez qui le virus Ebola a \u00e9t\u00e9 d\u00e9tect\u00e9 \u00e0 Abidjan, \u00e9voquant des \u201cinterrogations\u201d sur le diagnostic initial. Un cas de fi\u00e8vre h\u00e9morragique Ebola a \u00e9t\u00e9 d\u00e9tect\u00e9 samedi \u00e0 Abidjan chez une Guin\u00e9enne \u00e2g\u00e9e de 18 [&hellip;]<\/p>\n","protected":false},"author":2,"featured_media":25105,"comment_status":"open","ping_status":"closed","sticky":false,"template":"","format":"standard","meta":{"buzzeditor_post_format":"","footnotes":""},"categories":[52],"tags":[],"class_list":["post-25104","post","type-post","status-publish","format-standard","has-post-thumbnail","hentry","category-sante"],"jetpack_featured_media_url":"https:\/\/guineechrono.com\/wp-content\/uploads\/2021\/08\/DRs.jpg","amp_enabled":true,"_links":{"self":[{"href":"https:\/\/guineechrono.com\/index.php\/wp-json\/wp\/v2\/posts\/25104","targetHints":{"allow":["GET"]}}],"collection":[{"href":"https:\/\/guineechrono.com\/index.php\/wp-json\/wp\/v2\/posts"}],"about":[{"href":"https:\/\/guineechrono.com\/index.php\/wp-json\/wp\/v2\/types\/post"}],"author":[{"embeddable":true,"href":"https:\/\/guineechrono.com\/index.php\/wp-json\/wp\/v2\/users\/2"}],"replies":[{"embeddable":true,"href":"https:\/\/guineechrono.com\/index.php\/wp-json\/wp\/v2\/comments?post=25104"}],"version-history":[{"count":0,"href":"https:\/\/guineechrono.com\/index.php\/wp-json\/wp\/v2\/posts\/25104\/revisions"}],"wp:featuredmedia":[{"embeddable":true,"href":"https:\/\/guineechrono.com\/index.php\/wp-json\/wp\/v2\/media\/25105"}],"wp:attachment":[{"href":"https:\/\/guineechrono.com\/index.php\/wp-json\/wp\/v2\/media?parent=25104"}],"wp:term":[{"taxonomy":"category","embeddable":true,"href":"https:\/\/guineechrono.com\/index.php\/wp-json\/wp\/v2\/categories?post=25104"},{"taxonomy":"post_tag","embeddable":true,"href":"https:\/\/guineechrono.com\/index.php\/wp-json\/wp\/v2\/tags?post=25104"}],"curies":[{"name":"wp","href":"https:\/\/api.w.org\/{rel}","templated":true}]}}