{"id":25234,"date":"2021-08-31T13:21:07","date_gmt":"2021-08-31T12:21:07","guid":{"rendered":"https:\/\/guineechrono.com\/?p=25234"},"modified":"2021-08-31T13:21:07","modified_gmt":"2021-08-31T12:21:07","slug":"journee-africaine-de-la-medecine-traditionnelle-le-combat-du-secteur-contre-le-covid-19-loue-par-le-gouvernement","status":"publish","type":"post","link":"https:\/\/guineechrono.com\/index.php\/journee-africaine-de-la-medecine-traditionnelle-le-combat-du-secteur-contre-le-covid-19-loue-par-le-gouvernement\/","title":{"rendered":"Journ\u00e9e africaine de la m\u00e9decine traditionnelle : le combat du secteur contre le COVID-19 lou\u00e9 par le gouvernement"},"content":{"rendered":"<p>Le 31 Ao\u00fbt de chaque est c\u00e9l\u00e9br\u00e9e la journ\u00e9e africaine de la m\u00e9decine traditionnelle. En Guin\u00e9e, \u00e0 l\u2019occasion de la 19\u00e8me journ\u00e9e qui aura lieu ce mardi, le gouvernement salue la contribution du secteur aux efforts de ripostes \u00e0 la Covid-19.<\/p>\n<p>Pour le minist\u00e8re de la sant\u00e9, d\u00e8s l\u2019apparition de la pand\u00e9mie, le minist\u00e8re de la sant\u00e9 en collaboration avec la repr\u00e9sentation de l\u2019OMS a invit\u00e9 les praticiens de la m\u00e9decine traditionnelle \u00e0 une session d\u2019information et de sensibilisation en vue de solliciter leur contribution dans la lutte contre la Covid-19.<\/p>\n<p>A son tour, la m\u00e9decine traditionnelle s\u2019est fortement investie dans la diffusion des messages portant sur les comportements \u00e0 adapter par les populations pour vite stopper la propagation de la pand\u00e9mie dans la communaut\u00e9.<\/p>\n<p>\u00ab La m\u00e9decine traditionnelle en Guin\u00e9e est reconnue comme partie prenante des soins de sant\u00e9 primaires et \u00e0 cet effet, elle est incontournable dans le d\u00e9veloppement de la sant\u00e9 communautaire. C\u2019est pourquoi, j\u2019exhorte les praticiens de la m\u00e9decine conventionnelle \u00e0 cr\u00e9er un climat favorable \u00e0 la collaboration avec ceux de la m\u00e9decine traditionnelle aussi bien dans le traitement des maladies courantes que la lutte contre les \u00e9pid\u00e9mies et les end\u00e9mies.\u00bb a invit\u00e9 le ministre de la sant\u00e9, le m\u00e9decin g\u00e9n\u00e9ral R\u00e9my Lamah.<\/p>\n<p>Au nom du chef de l\u2019\u00c9tat, le professeur Alpha Cond\u00e9, le gouvernement \u00e0 travers le minist\u00e8re de la sant\u00e9 remercie tr\u00e8s vivement tous les acteurs de la riposte contre la Covid-19 et particuli\u00e8rement ceux de la m\u00e9decine traditionnelle.<\/p>\n<p>Les m\u00eames remerciements s\u2019adressent \u00e0 l\u2019organisation ouest africaine la sant\u00e9 OOAS qui ne cesse d\u2019appuyer nos pays et singuli\u00e8rement la Guin\u00e9e dans le d\u00e9veloppement et la reconnaissance de la m\u00e9decine traditionnelle.<\/p>\n<p><strong>La cellule de communication.<\/strong><\/p>\n<p>&nbsp;<\/p>\n","protected":false},"excerpt":{"rendered":"<p>Le 31 Ao\u00fbt de chaque est c\u00e9l\u00e9br\u00e9e la journ\u00e9e africaine de la m\u00e9decine traditionnelle. En Guin\u00e9e, \u00e0 l\u2019occasion de la 19\u00e8me journ\u00e9e qui aura lieu ce mardi, le gouvernement salue la contribution du secteur aux efforts de ripostes \u00e0 la Covid-19. Pour le minist\u00e8re de la sant\u00e9, d\u00e8s l\u2019apparition de la pand\u00e9mie, le minist\u00e8re de [&hellip;]<\/p>\n","protected":false},"author":2,"featured_media":25235,"comment_status":"open","ping_status":"closed","sticky":false,"template":"","format":"standard","meta":{"buzzeditor_post_format":"","footnotes":""},"categories":[52],"tags":[],"class_list":["post-25234","post","type-post","status-publish","format-standard","has-post-thumbnail","hentry","category-sante"],"jetpack_featured_media_url":"https:\/\/guineechrono.com\/wp-content\/uploads\/2021\/08\/lamah.jpg","amp_enabled":true,"_links":{"self":[{"href":"https:\/\/guineechrono.com\/index.php\/wp-json\/wp\/v2\/posts\/25234","targetHints":{"allow":["GET"]}}],"collection":[{"href":"https:\/\/guineechrono.com\/index.php\/wp-json\/wp\/v2\/posts"}],"about":[{"href":"https:\/\/guineechrono.com\/index.php\/wp-json\/wp\/v2\/types\/post"}],"author":[{"embeddable":true,"href":"https:\/\/guineechrono.com\/index.php\/wp-json\/wp\/v2\/users\/2"}],"replies":[{"embeddable":true,"href":"https:\/\/guineechrono.com\/index.php\/wp-json\/wp\/v2\/comments?post=25234"}],"version-history":[{"count":0,"href":"https:\/\/guineechrono.com\/index.php\/wp-json\/wp\/v2\/posts\/25234\/revisions"}],"wp:featuredmedia":[{"embeddable":true,"href":"https:\/\/guineechrono.com\/index.php\/wp-json\/wp\/v2\/media\/25235"}],"wp:attachment":[{"href":"https:\/\/guineechrono.com\/index.php\/wp-json\/wp\/v2\/media?parent=25234"}],"wp:term":[{"taxonomy":"category","embeddable":true,"href":"https:\/\/guineechrono.com\/index.php\/wp-json\/wp\/v2\/categories?post=25234"},{"taxonomy":"post_tag","embeddable":true,"href":"https:\/\/guineechrono.com\/index.php\/wp-json\/wp\/v2\/tags?post=25234"}],"curies":[{"name":"wp","href":"https:\/\/api.w.org\/{rel}","templated":true}]}}