{"id":25262,"date":"2021-09-02T15:12:21","date_gmt":"2021-09-02T14:12:21","guid":{"rendered":"https:\/\/guineechrono.com\/?p=25262"},"modified":"2021-09-02T15:12:21","modified_gmt":"2021-09-02T14:12:21","slug":"arrivee-du-corps-de-dr-ousmane-toure-a-conakry-vive-emotion-a-laeroport-de-gbessia","status":"publish","type":"post","link":"https:\/\/guineechrono.com\/index.php\/arrivee-du-corps-de-dr-ousmane-toure-a-conakry-vive-emotion-a-laeroport-de-gbessia\/","title":{"rendered":"Arriv\u00e9e du corps de Dr. Ousmane Tour\u00e9 \u00e0 Conakry: vive \u00e9motion \u00e0 l\u2019a\u00e9roport de Gb\u00e9ssia"},"content":{"rendered":"<p>D\u00e9c\u00e9d\u00e9 des suites du s\u00e9isme qui a frapp\u00e9 le peuple ha\u00eftien la nuit du 14 ao\u00fbt dernier, le corps de Dr. Tour\u00e9 est arriv\u00e9 ce mercredi, 01 septembre 2021 \u00e0 l\u2019A\u00e9roport international de Conakry Gbessia aux environs de 20H.<\/p>\n<p>Sur les lieux, le gouvernement guin\u00e9en \u00e9tait repr\u00e9sent\u00e9 par le ministre de la sant\u00e9, son excellence, le m\u00e9decin G\u00e9n\u00e9ral R\u00e9my Lamah. Il avait \u00e0 ses c\u00f4t\u00e9s, le repr\u00e9sentant de l\u2019OMS en Guin\u00e9e, Pr. Georges Alfred Ki-Zerbo.<\/p>\n<p>La d\u00e9pouille mortelle a \u00e9t\u00e9 accueillie par sa famille, ses amis et coll\u00e8gues de services sous une forte \u00e9motion.<\/p>\n<p>Apr\u00e8s l\u2019a\u00e9roport, le corps a \u00e9t\u00e9 accompagn\u00e9 \u00e0 l\u2019H\u00f4pital de l\u2019Amiti\u00e9 Sino Guin\u00e9enne o\u00f9 est pr\u00e9vue, la lev\u00e9e de corps ce vendredi suivi de l\u2019enterrement \u00e0 Kountia, commune urbaine de Coyah.<\/p>\n<p>En Ha\u00efti depuis 2019, Dr. Tour\u00e9 travaillait au compte de l\u2019Organisation Mondiale de la Sant\u00e9 OMS.<\/p>\n<p><strong>La cellule de communication<\/strong><\/p>\n","protected":false},"excerpt":{"rendered":"<p>D\u00e9c\u00e9d\u00e9 des suites du s\u00e9isme qui a frapp\u00e9 le peuple ha\u00eftien la nuit du 14 ao\u00fbt dernier, le corps de Dr. Tour\u00e9 est arriv\u00e9 ce mercredi, 01 septembre 2021 \u00e0 l\u2019A\u00e9roport international de Conakry Gbessia aux environs de 20H. Sur les lieux, le gouvernement guin\u00e9en \u00e9tait repr\u00e9sent\u00e9 par le ministre de la sant\u00e9, son excellence, [&hellip;]<\/p>\n","protected":false},"author":2,"featured_media":25263,"comment_status":"open","ping_status":"closed","sticky":false,"template":"","format":"standard","meta":{"buzzeditor_post_format":"","footnotes":""},"categories":[52],"tags":[],"class_list":["post-25262","post","type-post","status-publish","format-standard","has-post-thumbnail","hentry","category-sante"],"jetpack_featured_media_url":"https:\/\/guineechrono.com\/wp-content\/uploads\/2021\/09\/ousmane.jpg","amp_enabled":true,"_links":{"self":[{"href":"https:\/\/guineechrono.com\/index.php\/wp-json\/wp\/v2\/posts\/25262","targetHints":{"allow":["GET"]}}],"collection":[{"href":"https:\/\/guineechrono.com\/index.php\/wp-json\/wp\/v2\/posts"}],"about":[{"href":"https:\/\/guineechrono.com\/index.php\/wp-json\/wp\/v2\/types\/post"}],"author":[{"embeddable":true,"href":"https:\/\/guineechrono.com\/index.php\/wp-json\/wp\/v2\/users\/2"}],"replies":[{"embeddable":true,"href":"https:\/\/guineechrono.com\/index.php\/wp-json\/wp\/v2\/comments?post=25262"}],"version-history":[{"count":0,"href":"https:\/\/guineechrono.com\/index.php\/wp-json\/wp\/v2\/posts\/25262\/revisions"}],"wp:featuredmedia":[{"embeddable":true,"href":"https:\/\/guineechrono.com\/index.php\/wp-json\/wp\/v2\/media\/25263"}],"wp:attachment":[{"href":"https:\/\/guineechrono.com\/index.php\/wp-json\/wp\/v2\/media?parent=25262"}],"wp:term":[{"taxonomy":"category","embeddable":true,"href":"https:\/\/guineechrono.com\/index.php\/wp-json\/wp\/v2\/categories?post=25262"},{"taxonomy":"post_tag","embeddable":true,"href":"https:\/\/guineechrono.com\/index.php\/wp-json\/wp\/v2\/tags?post=25262"}],"curies":[{"name":"wp","href":"https:\/\/api.w.org\/{rel}","templated":true}]}}