{"id":25279,"date":"2021-09-04T19:39:42","date_gmt":"2021-09-04T18:39:42","guid":{"rendered":"https:\/\/guineechrono.com\/?p=25279"},"modified":"2021-09-04T19:39:42","modified_gmt":"2021-09-04T18:39:42","slug":"conakry-fonap-2021-cope-guinee-recompense-les-100-personnalites-qui-font-bouger-la-guinee","status":"publish","type":"post","link":"https:\/\/guineechrono.com\/index.php\/conakry-fonap-2021-cope-guinee-recompense-les-100-personnalites-qui-font-bouger-la-guinee\/","title":{"rendered":"Conakry\/FONAP 2021: COPE-Guin\u00e9e r\u00e9compense les 100 personnalit\u00e9s qui font bouger la Guin\u00e9e"},"content":{"rendered":"<p><strong>Ce vendredi 03 septembre 2021, COPE-Guin\u00e9e a proc\u00e9d\u00e9 \u00e0 la remise des satisfecit aux cent personnalit\u00e9s qui font bouger la Guin\u00e9e. Cet \u00e9v\u00e8nement est \u00e0 sa 5<sup>\u00e8me<\/sup> \u00e9dition, c\u2019est le forum national des acteurs public, FONAP 2021.<\/strong><\/p>\n<p>Dans sa communication, Dr Paul Kamano, Coordinateur g\u00e9n\u00e9ral de COPE-Guin\u00e9e a rappel\u00e9 que c\u2019est un forum qui met en avant 100 personnalit\u00e9s administratives et fonctionnaires qui font bouger la Guin\u00e9e 2021.<\/p>\n<p><a href=\"https:\/\/guineechrono.com\/wp-content\/uploads\/2021\/09\/paull.jpg\"><img fetchpriority=\"high\" decoding=\"async\" class=\"aligncenter size-medium wp-image-25281\" src=\"https:\/\/guineechrono.com\/wp-content\/uploads\/2021\/09\/paull-300x169.jpg\" alt=\"\" width=\"300\" height=\"169\" srcset=\"https:\/\/guineechrono.com\/wp-content\/uploads\/2021\/09\/paull-300x169.jpg 300w, https:\/\/guineechrono.com\/wp-content\/uploads\/2021\/09\/paull.jpg 696w\" sizes=\"(max-width: 300px) 100vw, 300px\" \/><\/a>Selon Paul Kamano, les crit\u00e8res de s\u00e9lection reposent essentiellement sur les administrateurs, en fonction des r\u00e9sultats obtenus en terme de gouvernance. \u00ab\u00a0Les crit\u00e8res de s\u00e9lection reposent essentiellement pour les administrateurs sur les r\u00e9sultats obtenus en terme de gouvernance, l\u2019impact du travail qui est men\u00e9 au quotidien par les administrateurs au service du d\u00e9veloppement de notre pays. Pour les institutions \u00e9galement, il y a le r\u00e9seau, il y a l\u2019influence de ces institutions dans la marche d\u00e9mocratique, dans le progr\u00e8s de notre pays a tous les niveaux que \u00e7a soit dans le secteur \u00e9conomique, le secteur politique, le secteur administratif. Donc, c\u2019est sur ces \u00e9l\u00e9ments d\u2019objectivit\u00e9 qu\u2019on se base pour s\u00e9lectionner les 100 personnes qui font bouger la Guin\u00e9e en 2021\u00a0\u00bb.<\/p>\n<p>Concernant la particularit\u00e9 de cette 5<sup>\u00e8me<\/sup> \u00e9dition, le coordinateur g\u00e9n\u00e9ral de COPE-Guin\u00e9e donne des pr\u00e9cisions. \u00abLa particularit\u00e9 de cet \u00e9v\u00e9nement est ax\u00e9 sur l\u2019administration et institutionnelle \u00a0qui vise \u00e0 sortir d\u2019\u00e9gaux de nos administrateurs pour qu\u2019ils se battent davantage pour non seulement am\u00e9liorer la gouvernance mais \u00e9galement de faire en sorte que le d\u00e9veloppement inclusif soit possible de notre pays. Donc c\u2019est une plateforme de d\u00e9bat et d\u2019\u00e9change en faveur de la bonne gouvernance administrative et institutionnelle mais \u00e9galement c\u2019est un lieu o\u00f9 on fait le sacre du m\u00e9rite, on appelle \u00e7a le sacre du m\u00e9rite. il y avait beaucoup d\u2019acteurs \u00e9trangers qui \u00e9taient pr\u00e9sents dans la salle mais \u00e9galement des acteurs guin\u00e9ens et non les moindre pour parler de la s\u00e9curit\u00e9, de la bonne gouvernance administrative et\u00a0 institutionnelle\u00a0\u00bb.<\/p>\n<p>Pour les perspectives, Dr Paul Kamano souligne. \u00ab\u00a0En terme de perspectives, COPE-Guin\u00e9e entend p\u00e9renniser cet \u00e9v\u00e9nement consacr\u00e9 \u00e0 la c\u00e9l\u00e9bration du m\u00e9rite et de la promotion de l\u2019excellence en Guin\u00e9e\u00a0\u00bb.<\/p>\n<p><strong>Aboubacar Pastoria Camara <\/strong><\/p>\n","protected":false},"excerpt":{"rendered":"<p>Ce vendredi 03 septembre 2021, COPE-Guin\u00e9e a proc\u00e9d\u00e9 \u00e0 la remise des satisfecit aux cent personnalit\u00e9s qui font bouger la Guin\u00e9e. Cet \u00e9v\u00e8nement est \u00e0 sa 5\u00e8me \u00e9dition, c\u2019est le forum national des acteurs public, FONAP 2021. Dans sa communication, Dr Paul Kamano, Coordinateur g\u00e9n\u00e9ral de COPE-Guin\u00e9e a rappel\u00e9 que c\u2019est un forum qui met [&hellip;]<\/p>\n","protected":false},"author":2,"featured_media":25280,"comment_status":"open","ping_status":"closed","sticky":false,"template":"","format":"standard","meta":{"buzzeditor_post_format":"","footnotes":""},"categories":[46],"tags":[],"class_list":["post-25279","post","type-post","status-publish","format-standard","has-post-thumbnail","hentry","category-societe"],"jetpack_featured_media_url":"https:\/\/guineechrono.com\/wp-content\/uploads\/2021\/09\/paul.jpg","amp_enabled":true,"_links":{"self":[{"href":"https:\/\/guineechrono.com\/index.php\/wp-json\/wp\/v2\/posts\/25279","targetHints":{"allow":["GET"]}}],"collection":[{"href":"https:\/\/guineechrono.com\/index.php\/wp-json\/wp\/v2\/posts"}],"about":[{"href":"https:\/\/guineechrono.com\/index.php\/wp-json\/wp\/v2\/types\/post"}],"author":[{"embeddable":true,"href":"https:\/\/guineechrono.com\/index.php\/wp-json\/wp\/v2\/users\/2"}],"replies":[{"embeddable":true,"href":"https:\/\/guineechrono.com\/index.php\/wp-json\/wp\/v2\/comments?post=25279"}],"version-history":[{"count":0,"href":"https:\/\/guineechrono.com\/index.php\/wp-json\/wp\/v2\/posts\/25279\/revisions"}],"wp:featuredmedia":[{"embeddable":true,"href":"https:\/\/guineechrono.com\/index.php\/wp-json\/wp\/v2\/media\/25280"}],"wp:attachment":[{"href":"https:\/\/guineechrono.com\/index.php\/wp-json\/wp\/v2\/media?parent=25279"}],"wp:term":[{"taxonomy":"category","embeddable":true,"href":"https:\/\/guineechrono.com\/index.php\/wp-json\/wp\/v2\/categories?post=25279"},{"taxonomy":"post_tag","embeddable":true,"href":"https:\/\/guineechrono.com\/index.php\/wp-json\/wp\/v2\/tags?post=25279"}],"curies":[{"name":"wp","href":"https:\/\/api.w.org\/{rel}","templated":true}]}}