{"id":2544,"date":"2018-12-04T21:19:45","date_gmt":"2018-12-04T20:19:45","guid":{"rendered":"http:\/\/guineechrono.com\/?p=2544"},"modified":"2018-12-04T21:19:45","modified_gmt":"2018-12-04T20:19:45","slug":"polemique-autour-de-lorganisation-du-grand-bazar-de-conakry-2018-le-coordinateur-du-ciepex-sexplique","status":"publish","type":"post","link":"https:\/\/guineechrono.com\/index.php\/polemique-autour-de-lorganisation-du-grand-bazar-de-conakry-2018-le-coordinateur-du-ciepex-sexplique\/","title":{"rendered":"Pol\u00e9mique autour de l\u2019organisation du \u2019Grand Bazar de Conakry 2018\u201d : le coordinateur du CIEPEX s\u2019explique\u2026"},"content":{"rendered":"<p>La pol\u00e9mique s\u2019alimente autour de l\u2019organisation de la Foire Internationale \u2018\u2019Grand Bazar de Conakry 2018.l\u2019ouverture de cet \u00e9v\u00e9nement annuel n\u2019aura pas lieu \u00e0 la date du 07 d\u00e9cembre, il a \u00e9t\u00e9 report\u00e9 \u00e0 une date ult\u00e9rieure. Pour cause, l\u2019administration du palais \u00e9voque l\u2019indisponibilit\u00e9 du site pour des raisons de s\u00e9curit\u00e9. Un argument que les organisateurs de l\u2019\u00e9dition n\u2019arrivent pas \u00e0 cerner. Ce pendant, le centre international d\u2019Echanges et de promotion des exportations CIEPEX rassure que la foire aura lieu cette ann\u00e9e, puisqu\u2019il est en n\u00e9gociation avec les autorit\u00e9s concern\u00e9es.<\/p>\n<p>\u00ab Nous r\u00e9it\u00e9rons que notre structure est victime de diffamation venant des individus mal intentionn\u00e9s qui visent \u00e0 nuire \u00e0 sa r\u00e9putation et en d\u00e9finitive \u00e0 r\u00e9cup\u00e9rer l\u2019organisation des foires et expositions en Guin\u00e9e, en mettant \u00e0 mal le CIEPEX et les autorit\u00e9s du pays.<\/p>\n<p>Ces individus sont de toutes \u00e9vidences connus de nos clients auxquels ils distillent des informations tendancieuses visant \u00e0 fragiliser les rapports solides qui lient ces derniers au CIEPEX. Ces personnes se r\u00e9clament comme futurs organisateurs de foires et expositions en Guin\u00e9e en lieu et place du CIEPEX\u00bb a expliqu\u00e9 de cette structure Mamadou Sano<\/p>\n<p>Pour le coordinateur, ce fait n\u2019est pas nouveau, le CIEPEX a \u00e9t\u00e9 victime de diffamation dans les ann\u00e9es 90 \u00ab lorsqu\u2019il a \u00e9t\u00e9 qualifi\u00e9 d\u2019organisation subversive au service du RPG. Il a ainsi \u00e9t\u00e9 confront\u00e9 \u00e0 une concurrence d\u00e9loyale cr\u00e9e et financ\u00e9e \u00e0 des centaines de millions de francs guin\u00e9ens par les autorit\u00e9s de l\u2019\u00e9poque.<br \/>\nPour clore le CIEPEX rassure la client\u00e8le qu\u2019il ne se d\u00e9viera pas de ses objectifs et il sollicitera toujours les appuis de l\u2019Etat guin\u00e9en n\u00e9cessaires \u00e0 l\u2019organisation de ses \u00e9v\u00e9nement.<\/p>\n<p><strong>Aboubacar Pastoria Camara<\/strong><\/p>\n","protected":false},"excerpt":{"rendered":"<p>La pol\u00e9mique s\u2019alimente autour de l\u2019organisation de la Foire Internationale \u2018\u2019Grand Bazar de Conakry 2018.l\u2019ouverture de cet \u00e9v\u00e9nement annuel n\u2019aura pas lieu \u00e0 la date du 07 d\u00e9cembre, il a \u00e9t\u00e9 report\u00e9 \u00e0 une date ult\u00e9rieure. Pour cause, l\u2019administration du palais \u00e9voque l\u2019indisponibilit\u00e9 du site pour des raisons de s\u00e9curit\u00e9. Un argument que les organisateurs [&hellip;]<\/p>\n","protected":false},"author":2,"featured_media":2545,"comment_status":"open","ping_status":"closed","sticky":false,"template":"","format":"standard","meta":{"buzzeditor_post_format":"","footnotes":""},"categories":[1],"tags":[],"class_list":["post-2544","post","type-post","status-publish","format-standard","has-post-thumbnail","hentry","category-non-classe"],"jetpack_featured_media_url":"https:\/\/guineechrono.com\/wp-content\/uploads\/2018\/12\/REPPORT-FIC-KALE-696x294-1.jpg","amp_enabled":true,"_links":{"self":[{"href":"https:\/\/guineechrono.com\/index.php\/wp-json\/wp\/v2\/posts\/2544","targetHints":{"allow":["GET"]}}],"collection":[{"href":"https:\/\/guineechrono.com\/index.php\/wp-json\/wp\/v2\/posts"}],"about":[{"href":"https:\/\/guineechrono.com\/index.php\/wp-json\/wp\/v2\/types\/post"}],"author":[{"embeddable":true,"href":"https:\/\/guineechrono.com\/index.php\/wp-json\/wp\/v2\/users\/2"}],"replies":[{"embeddable":true,"href":"https:\/\/guineechrono.com\/index.php\/wp-json\/wp\/v2\/comments?post=2544"}],"version-history":[{"count":0,"href":"https:\/\/guineechrono.com\/index.php\/wp-json\/wp\/v2\/posts\/2544\/revisions"}],"wp:featuredmedia":[{"embeddable":true,"href":"https:\/\/guineechrono.com\/index.php\/wp-json\/wp\/v2\/media\/2545"}],"wp:attachment":[{"href":"https:\/\/guineechrono.com\/index.php\/wp-json\/wp\/v2\/media?parent=2544"}],"wp:term":[{"taxonomy":"category","embeddable":true,"href":"https:\/\/guineechrono.com\/index.php\/wp-json\/wp\/v2\/categories?post=2544"},{"taxonomy":"post_tag","embeddable":true,"href":"https:\/\/guineechrono.com\/index.php\/wp-json\/wp\/v2\/tags?post=2544"}],"curies":[{"name":"wp","href":"https:\/\/api.w.org\/{rel}","templated":true}]}}