{"id":2550,"date":"2018-12-04T22:50:45","date_gmt":"2018-12-04T21:50:45","guid":{"rendered":"http:\/\/guineechrono.com\/?p=2550"},"modified":"2018-12-04T22:50:45","modified_gmt":"2018-12-04T21:50:45","slug":"non-paiement-de-la-subvention-des-medias-les-membres-de-lurtelgui-rencontrent-le-premier-ministre-kassory-fofana","status":"publish","type":"post","link":"https:\/\/guineechrono.com\/index.php\/non-paiement-de-la-subvention-des-medias-les-membres-de-lurtelgui-rencontrent-le-premier-ministre-kassory-fofana\/","title":{"rendered":"Non paiement de la subvention des medias : les membres de l\u2019URTELGUI rencontrent le premier ministre Kassory Fofana"},"content":{"rendered":"<p>Le moins que l\u2019on puisse dire, la presse guin\u00e9enne traverse ces derniers temps un moment difficile de son histoire. Manque de publicit\u00e9, agressions, menaces, interpellations et autres.<\/p>\n<p>A tous ces probl\u00e8mes, s\u2019ajoute le non paiement de la subvention de la presse pour l\u2019exercice 2018 et la multiplication des charges pour les radios, t\u00e9l\u00e9visions, journaux et les sites.<\/p>\n<p>Les responsables de l\u2019Union des Radios et T\u00e9l\u00e9visions Libres de Guin\u00e9e (URTELGUI) ont rencontr\u00e9 le premier ministre Ibrahima Kassory Fofana ce lundi 03 d\u00e9cembre 2018 pour lui faire le point de la situation.<\/p>\n<p>Selon le president de l\u2019URTELGUI, Sanou Kerfalla Ciss\u00e9, la d\u00e9l\u00e9gation a expliqu\u00e9 au premier ministre les difficult\u00e9s dont traverse la presse guin\u00e9enne ces derniers temps. \u00ab\u00a0<em>Nous avions expliqu\u00e9 au premier ministre les difficult\u00e9s que la presse enregistre en ce moment concernant l\u2019augmentation du paiement des taxes et redevances \u00e0 l\u2019Etat et le non paiement de la subvention de la presse pour l\u2019exercice 2018. Nous l\u2019avions dit aussi si rien n\u2019est fait la maison de la presse de Guin\u00e9e sera bient\u00f4t ferm\u00e9\u00a0\u00bb, a-t-il expliqu\u00e9<\/em>.<\/p>\n<p>A en croire Sanou Kerfalla Ciss\u00e9, le premier ministre a promis de s\u2019impliquer pour trouver une solution \u00e0 ce probl\u00e8me.<\/p>\n","protected":false},"excerpt":{"rendered":"<p>Le moins que l\u2019on puisse dire, la presse guin\u00e9enne traverse ces derniers temps un moment difficile de son histoire. Manque de publicit\u00e9, agressions, menaces, interpellations et autres. A tous ces probl\u00e8mes, s\u2019ajoute le non paiement de la subvention de la presse pour l\u2019exercice 2018 et la multiplication des charges pour les radios, t\u00e9l\u00e9visions, journaux et [&hellip;]<\/p>\n","protected":false},"author":2,"featured_media":2551,"comment_status":"open","ping_status":"closed","sticky":false,"template":"","format":"standard","meta":{"buzzeditor_post_format":"","footnotes":""},"categories":[1],"tags":[],"class_list":["post-2550","post","type-post","status-publish","format-standard","has-post-thumbnail","hentry","category-non-classe"],"jetpack_featured_media_url":"https:\/\/guineechrono.com\/wp-content\/uploads\/2018\/12\/kas.jpg","amp_enabled":true,"_links":{"self":[{"href":"https:\/\/guineechrono.com\/index.php\/wp-json\/wp\/v2\/posts\/2550","targetHints":{"allow":["GET"]}}],"collection":[{"href":"https:\/\/guineechrono.com\/index.php\/wp-json\/wp\/v2\/posts"}],"about":[{"href":"https:\/\/guineechrono.com\/index.php\/wp-json\/wp\/v2\/types\/post"}],"author":[{"embeddable":true,"href":"https:\/\/guineechrono.com\/index.php\/wp-json\/wp\/v2\/users\/2"}],"replies":[{"embeddable":true,"href":"https:\/\/guineechrono.com\/index.php\/wp-json\/wp\/v2\/comments?post=2550"}],"version-history":[{"count":0,"href":"https:\/\/guineechrono.com\/index.php\/wp-json\/wp\/v2\/posts\/2550\/revisions"}],"wp:featuredmedia":[{"embeddable":true,"href":"https:\/\/guineechrono.com\/index.php\/wp-json\/wp\/v2\/media\/2551"}],"wp:attachment":[{"href":"https:\/\/guineechrono.com\/index.php\/wp-json\/wp\/v2\/media?parent=2550"}],"wp:term":[{"taxonomy":"category","embeddable":true,"href":"https:\/\/guineechrono.com\/index.php\/wp-json\/wp\/v2\/categories?post=2550"},{"taxonomy":"post_tag","embeddable":true,"href":"https:\/\/guineechrono.com\/index.php\/wp-json\/wp\/v2\/tags?post=2550"}],"curies":[{"name":"wp","href":"https:\/\/api.w.org\/{rel}","templated":true}]}}