{"id":2561,"date":"2018-12-06T17:41:26","date_gmt":"2018-12-06T16:41:26","guid":{"rendered":"http:\/\/guineechrono.com\/?p=2561"},"modified":"2018-12-06T17:41:26","modified_gmt":"2018-12-06T16:41:26","slug":"mamou-encore-5-morts-dans-un-autre-accident-de-circulation","status":"publish","type":"post","link":"https:\/\/guineechrono.com\/index.php\/mamou-encore-5-morts-dans-un-autre-accident-de-circulation\/","title":{"rendered":"Mamou : encore 5 morts dans un autre  accident de circulation"},"content":{"rendered":"<p class=\"m_4389493908907556899gmail-MsoNoSpacing\"><b>Selon une source hospitali\u00e8re un autre accident de circulation s\u2019est produit a Mamou ce jeudi 6 d\u00e9cembre 2018. Bilan cinq (5) morts et plusieurs bless\u00e9s graves.<\/b><\/p>\n<p class=\"m_4389493908907556899gmail-MsoNoSpacing\">Selon la m\u00eame source, c&rsquo;est une collision entre un taxi en partance pour le march\u00e9 hebdomadaire de Gnagara (une sous pr\u00e9fecture de Mamou) et un v\u00e9hicule VA du Minist\u00e8re des finances qui a caus\u00e9e cet autre tragique d&rsquo;accident. Le drame a eu lieu dans le district de Boohwal situ\u00e9 \u00e0 8 kilom\u00e8tres du centre ville de Mamou sur la route Mamou-Dabola.<\/p>\n<p class=\"m_4389493908907556899gmail-MsoNoSpacing\">A rappeler que ce drame s\u2019est produit seulement 24 heures apr\u00e8s un autre tragique accident qui a co\u00fbt\u00e9 la vie \u00e0 18 guin\u00e9ens.<\/p>\n<div class=\"yj6qo ajU\">\n<div id=\":1xv\" class=\"ajR\" role=\"button\"><img decoding=\"async\" class=\"ajT\" src=\"https:\/\/ssl.gstatic.com\/ui\/v1\/icons\/mail\/images\/cleardot.gif\" \/><\/div>\n<\/div>\n<p class=\"m_4389493908907556899gmail-MsoNoSpacing\"><b>Aboubacar Pastoria Camara<\/b><\/p>\n<p>&nbsp;<\/p>\n","protected":false},"excerpt":{"rendered":"<p>Selon une source hospitali\u00e8re un autre accident de circulation s\u2019est produit a Mamou ce jeudi 6 d\u00e9cembre 2018. Bilan cinq (5) morts et plusieurs bless\u00e9s graves. Selon la m\u00eame source, c&rsquo;est une collision entre un taxi en partance pour le march\u00e9 hebdomadaire de Gnagara (une sous pr\u00e9fecture de Mamou) et un v\u00e9hicule VA du Minist\u00e8re [&hellip;]<\/p>\n","protected":false},"author":2,"featured_media":1760,"comment_status":"open","ping_status":"closed","sticky":false,"template":"","format":"standard","meta":{"buzzeditor_post_format":"","footnotes":""},"categories":[1],"tags":[],"class_list":["post-2561","post","type-post","status-publish","format-standard","has-post-thumbnail","hentry","category-non-classe"],"jetpack_featured_media_url":"https:\/\/guineechrono.com\/wp-content\/uploads\/2018\/09\/Accident.jpg","amp_enabled":true,"_links":{"self":[{"href":"https:\/\/guineechrono.com\/index.php\/wp-json\/wp\/v2\/posts\/2561","targetHints":{"allow":["GET"]}}],"collection":[{"href":"https:\/\/guineechrono.com\/index.php\/wp-json\/wp\/v2\/posts"}],"about":[{"href":"https:\/\/guineechrono.com\/index.php\/wp-json\/wp\/v2\/types\/post"}],"author":[{"embeddable":true,"href":"https:\/\/guineechrono.com\/index.php\/wp-json\/wp\/v2\/users\/2"}],"replies":[{"embeddable":true,"href":"https:\/\/guineechrono.com\/index.php\/wp-json\/wp\/v2\/comments?post=2561"}],"version-history":[{"count":0,"href":"https:\/\/guineechrono.com\/index.php\/wp-json\/wp\/v2\/posts\/2561\/revisions"}],"wp:featuredmedia":[{"embeddable":true,"href":"https:\/\/guineechrono.com\/index.php\/wp-json\/wp\/v2\/media\/1760"}],"wp:attachment":[{"href":"https:\/\/guineechrono.com\/index.php\/wp-json\/wp\/v2\/media?parent=2561"}],"wp:term":[{"taxonomy":"category","embeddable":true,"href":"https:\/\/guineechrono.com\/index.php\/wp-json\/wp\/v2\/categories?post=2561"},{"taxonomy":"post_tag","embeddable":true,"href":"https:\/\/guineechrono.com\/index.php\/wp-json\/wp\/v2\/tags?post=2561"}],"curies":[{"name":"wp","href":"https:\/\/api.w.org\/{rel}","templated":true}]}}