{"id":25623,"date":"2021-09-27T12:59:02","date_gmt":"2021-09-27T11:59:02","guid":{"rendered":"https:\/\/guineechrono.com\/?p=25623"},"modified":"2021-09-27T12:59:02","modified_gmt":"2021-09-27T11:59:02","slug":"sante-emmanuel-macron-et-tedros-adhanom-ghebreyesus-installent-a-lyon-lacademie-de-loms","status":"publish","type":"post","link":"https:\/\/guineechrono.com\/index.php\/sante-emmanuel-macron-et-tedros-adhanom-ghebreyesus-installent-a-lyon-lacademie-de-loms\/","title":{"rendered":"Sant\u00e9: Emmanuel Macron et Tedros Adhanom Ghebreyesus installent \u00e0 Lyon l&rsquo;acad\u00e9mie de l&rsquo;OMS"},"content":{"rendered":"<p>Le pr\u00e9sident fran\u00e7ais Emmanuel Macron est en d\u00e9placement \u00e0 Lyon,\u00a0ce lundi 27 septembre, o\u00f9 il rencontre\u00a0notamment le patron de l&rsquo;OMS,\u00a0Tedros Adhanom Ghebreyesus. Les deux hommes vont poser la premi\u00e8re pierre de la future acad\u00e9mie de l&rsquo;Organisation mondiale de la sant\u00e9. Objectif annonc\u00e9\u00a0:\u00a0en faire un centre de formation international pour les soignants du monde entier.<\/p>\n<p>La d\u00e9claration a \u00e9t\u00e9 faite lors de la derni\u00e8re assembl\u00e9e mondiale de la sant\u00e9\u00a0: l&rsquo;OMS, alors en plein\u00a0tourment \u00e0 la suite de sa gestion critiqu\u00e9e de la pand\u00e9mie de Covid-19, annon\u00e7ait la cr\u00e9ation en 2023 de sa future acad\u00e9mie. Et le pr\u00e9sident fran\u00e7ais Emmanuel Macron d&rsquo;ajouter : ce sera \u00e0 \u00ab\u00a0<em>Lyon<\/em>\u00a0\u00bb.<\/p>\n<p>Quatre mois plus tard, ce lundi\u00a027 septembre, la premi\u00e8re pierre de l&rsquo;\u00e9difice va donc \u00eatre pos\u00e9e. Objectif :\u00a0faire de ce futur centre une r\u00e9f\u00e9rence mondiale en mati\u00e8re de formation des soignants. Le constat de d\u00e9part est simple\u00a0: face \u00e0 une acc\u00e9l\u00e9ration toujours plus importante de la connaissance m\u00e9dicale, les pratiques sur le terrain mettent, elles, des ann\u00e9es \u00e0 \u00e9voluer.<\/p>\n<p>L&rsquo;id\u00e9e est donc de cr\u00e9er un espace o\u00f9 les \u00e9tudiants, bien s\u00fbr, mais aussi les m\u00e9decins, personnels m\u00e9dicaux, directeurs d&rsquo;h\u00f4pitaux, responsables politiques ou encore chercheurs pourraient mettre \u00e0 jour leur savoir. Cette future acad\u00e9mie aura \u00e9galement une seconde mission :\u00a0la pr\u00e9paration et la simulation \u00e0 de futures crises sanitaires.<\/p>\n<p>En clair, on devra y d\u00e9finir les m\u00e9thodes et les outils qui permettront de faire face \u00e0 de nouvelles pand\u00e9mies. Cela a d&rsquo;ailleurs d\u00e9j\u00e0 commenc\u00e9, les premiers cours sont d\u00e9j\u00e0 en ligne et l&rsquo;OMS\u00a0ambitionne, \u00e0 terme, de former des millions d&rsquo;agents de sant\u00e9 dans cette nouvelle acad\u00e9mie.<\/p>\n<p><strong>rfi<\/strong><\/p>\n","protected":false},"excerpt":{"rendered":"<p>Le pr\u00e9sident fran\u00e7ais Emmanuel Macron est en d\u00e9placement \u00e0 Lyon,\u00a0ce lundi 27 septembre, o\u00f9 il rencontre\u00a0notamment le patron de l&rsquo;OMS,\u00a0Tedros Adhanom Ghebreyesus. Les deux hommes vont poser la premi\u00e8re pierre de la future acad\u00e9mie de l&rsquo;Organisation mondiale de la sant\u00e9. Objectif annonc\u00e9\u00a0:\u00a0en faire un centre de formation international pour les soignants du monde entier. La [&hellip;]<\/p>\n","protected":false},"author":2,"featured_media":25624,"comment_status":"open","ping_status":"closed","sticky":false,"template":"","format":"standard","meta":{"buzzeditor_post_format":"","footnotes":""},"categories":[52],"tags":[],"class_list":["post-25623","post","type-post","status-publish","format-standard","has-post-thumbnail","hentry","category-sante"],"jetpack_featured_media_url":"https:\/\/guineechrono.com\/wp-content\/uploads\/2021\/09\/macron.jpg","amp_enabled":true,"_links":{"self":[{"href":"https:\/\/guineechrono.com\/index.php\/wp-json\/wp\/v2\/posts\/25623","targetHints":{"allow":["GET"]}}],"collection":[{"href":"https:\/\/guineechrono.com\/index.php\/wp-json\/wp\/v2\/posts"}],"about":[{"href":"https:\/\/guineechrono.com\/index.php\/wp-json\/wp\/v2\/types\/post"}],"author":[{"embeddable":true,"href":"https:\/\/guineechrono.com\/index.php\/wp-json\/wp\/v2\/users\/2"}],"replies":[{"embeddable":true,"href":"https:\/\/guineechrono.com\/index.php\/wp-json\/wp\/v2\/comments?post=25623"}],"version-history":[{"count":0,"href":"https:\/\/guineechrono.com\/index.php\/wp-json\/wp\/v2\/posts\/25623\/revisions"}],"wp:featuredmedia":[{"embeddable":true,"href":"https:\/\/guineechrono.com\/index.php\/wp-json\/wp\/v2\/media\/25624"}],"wp:attachment":[{"href":"https:\/\/guineechrono.com\/index.php\/wp-json\/wp\/v2\/media?parent=25623"}],"wp:term":[{"taxonomy":"category","embeddable":true,"href":"https:\/\/guineechrono.com\/index.php\/wp-json\/wp\/v2\/categories?post=25623"},{"taxonomy":"post_tag","embeddable":true,"href":"https:\/\/guineechrono.com\/index.php\/wp-json\/wp\/v2\/tags?post=25623"}],"curies":[{"name":"wp","href":"https:\/\/api.w.org\/{rel}","templated":true}]}}