{"id":25626,"date":"2021-09-27T15:24:43","date_gmt":"2021-09-27T14:24:43","guid":{"rendered":"https:\/\/guineechrono.com\/?p=25626"},"modified":"2021-09-27T15:24:43","modified_gmt":"2021-09-27T14:24:43","slug":"massacres-du-28-septembre-2009-la-cgcpi-demande-une-indemnisation-provisoire-des-victimes","status":"publish","type":"post","link":"https:\/\/guineechrono.com\/index.php\/massacres-du-28-septembre-2009-la-cgcpi-demande-une-indemnisation-provisoire-des-victimes\/","title":{"rendered":"Massacres du 28 septembre 2009: la CGCPI demande  une indemnisation provisoire des victimes"},"content":{"rendered":"<p><strong>Dans une d\u00e9claration rendue public ce lundi 27 septembre 2021, les membres de la Coalition Guin\u00e9enne pour la Cour P\u00e9nale Internationale (CGCPI)\u00a0 demandent aux nouvelles autorit\u00e9s <\/strong><strong>de prendre les dispositions l\u00e9gales afin d\u2019allouer une indemnisation provisoire aux victimes des massacres du 28 septembre 2009.<\/strong><\/p>\n<p><strong>Lisez\u2026\u2026<\/strong><\/p>\n<p>Apr\u00e8s 12 ans d\u2019attente, les victimes des massacres du 28 septembre 2009 r\u00e9clament justice et indemnisation provisoire. Les guin\u00e9ennes et guin\u00e9ens comm\u00e9morent les douze (12) ans des douloureux massacres du 28 septembre 2009, avec la prise du pouvoir, le 05 septembre 2021, par le Comit\u00e9 National pour le Rassemblement et le D\u00e9veloppement (CNRD).<\/p>\n<p>Pour m\u00e9moire, ce sont les forces de d\u00e9fense et de s\u00e9curit\u00e9, suite \u00e0 la manifestation des Forces Vives contre la candidature de Monsieur Moussa Dadis Camara \u00e0 l\u2019\u00e9lection pr\u00e9sidentielle de janvier 2010, qui ont \u00e9t\u00e9 \u00e0 l\u2019origine d\u2019environ cent cinquante (150) personnes tu\u00e9es, des dizaines de femmes viol\u00e9es, environ une centaine de disparus, des centaines de bless\u00e9s, des s\u00e9questrations, des arrestations ill\u00e9gales et des d\u00e9g\u00e2ts mat\u00e9riels importants.<\/p>\n<p>La Coalition Guin\u00e9enne pour la Cour P\u00e9nale Internationale (CGCPI), rappelle que si l\u2019information a \u00e9t\u00e9 cl\u00f4tur\u00e9e depuis le 25 juin 2019, par devant la Cour Supr\u00eame avec environ douze (12) accus\u00e9s, quatre cent trente (430) victimes entendues, quinze (75) t\u00e9moins auditionn\u00e9s et la mise en place du Comit\u00e9 de pilotage pour la tenue du proc\u00e8s, force est de reconna\u00eetre que les victimes sont de nos jours impatientes quant \u00e0 l\u2019ouverture d\u2019un proc\u00e8s juste, \u00e9quitable et inclusif.<\/p>\n<p>\u00c9galement, depuis l\u2019ouverture des enqu\u00eates en f\u00e9vrier 2010, devant les juridictions guin\u00e9ennes, beaucoup de victimes sont d\u00e9c\u00e9d\u00e9es, certaines sont malades et vivent dans la pr\u00e9carit\u00e9 la plus absolue.<\/p>\n<p>A ce triste constat, il faut ajouter la situation des femmes r\u00e9pudi\u00e9es par leur mari et celles atteintes du V.I.H SIDA, suite aux viols dont elles ont \u00e9t\u00e9 victimes, sans oublier les enfants orphelins d\u00e9scolaris\u00e9s, qui doivent \u00eatre normalement assist\u00e9s.<\/p>\n<p>Pour toutes ces raisons, la Coalition Guin\u00e9enne pour la Cour P\u00e9nale Internationale lance un appel pressant Aux nouvelles autorit\u00e9s guin\u00e9ennes\u00a0:<\/p>\n<p>1-De prendre les mesures n\u00e9cessaires pour l\u2019ouverture, dans un d\u00e9lai raisonnable, du proc\u00e8s des massacres du 28 septembre 2009;<\/p>\n<p>2-De prendre les dispositions l\u00e9gales afin d\u2019allouer une indemnisation provisoire aux victimes des massacres du 28 septembre 2009.<\/p>\n<p>A Monsieur le Procureur pr\u00e8s la Cour P\u00e9nale Internationale<\/p>\n<p>-De continuer \u00e0 veiller sur l\u2019affaire des massacres du 28 septembre 2009<\/p>\n<p>-Aux partenaires bi et multilat\u00e9raux de la Guin\u00e9e de continuer \u00e0 accompagner la justice guin\u00e9enne en vue de la tenue du proc\u00e8s dans l\u2019affaire des massacres du 28 septembre 2009.<\/p>\n<p>&nbsp;<\/p>\n","protected":false},"excerpt":{"rendered":"<p>Dans une d\u00e9claration rendue public ce lundi 27 septembre 2021, les membres de la Coalition Guin\u00e9enne pour la Cour P\u00e9nale Internationale (CGCPI)\u00a0 demandent aux nouvelles autorit\u00e9s de prendre les dispositions l\u00e9gales afin d\u2019allouer une indemnisation provisoire aux victimes des massacres du 28 septembre 2009. Lisez\u2026\u2026 Apr\u00e8s 12 ans d\u2019attente, les victimes des massacres du 28 [&hellip;]<\/p>\n","protected":false},"author":2,"featured_media":25627,"comment_status":"open","ping_status":"closed","sticky":false,"template":"","format":"standard","meta":{"buzzeditor_post_format":"","footnotes":""},"categories":[42],"tags":[],"class_list":["post-25626","post","type-post","status-publish","format-standard","has-post-thumbnail","hentry","category-news"],"jetpack_featured_media_url":"https:\/\/guineechrono.com\/wp-content\/uploads\/2021\/09\/28.jpg","amp_enabled":true,"_links":{"self":[{"href":"https:\/\/guineechrono.com\/index.php\/wp-json\/wp\/v2\/posts\/25626","targetHints":{"allow":["GET"]}}],"collection":[{"href":"https:\/\/guineechrono.com\/index.php\/wp-json\/wp\/v2\/posts"}],"about":[{"href":"https:\/\/guineechrono.com\/index.php\/wp-json\/wp\/v2\/types\/post"}],"author":[{"embeddable":true,"href":"https:\/\/guineechrono.com\/index.php\/wp-json\/wp\/v2\/users\/2"}],"replies":[{"embeddable":true,"href":"https:\/\/guineechrono.com\/index.php\/wp-json\/wp\/v2\/comments?post=25626"}],"version-history":[{"count":0,"href":"https:\/\/guineechrono.com\/index.php\/wp-json\/wp\/v2\/posts\/25626\/revisions"}],"wp:featuredmedia":[{"embeddable":true,"href":"https:\/\/guineechrono.com\/index.php\/wp-json\/wp\/v2\/media\/25627"}],"wp:attachment":[{"href":"https:\/\/guineechrono.com\/index.php\/wp-json\/wp\/v2\/media?parent=25626"}],"wp:term":[{"taxonomy":"category","embeddable":true,"href":"https:\/\/guineechrono.com\/index.php\/wp-json\/wp\/v2\/categories?post=25626"},{"taxonomy":"post_tag","embeddable":true,"href":"https:\/\/guineechrono.com\/index.php\/wp-json\/wp\/v2\/tags?post=25626"}],"curies":[{"name":"wp","href":"https:\/\/api.w.org\/{rel}","templated":true}]}}