{"id":25692,"date":"2021-08-17T19:43:18","date_gmt":"2021-08-17T18:43:18","guid":{"rendered":"https:\/\/guineechrono.com\/?p=25692"},"modified":"2021-10-01T19:46:06","modified_gmt":"2021-10-01T18:46:06","slug":"guinee-dar-es-salam-ii-les-militants-de-lopposition-dans-le-collimateur-du-pouvoir-conde","status":"publish","type":"post","link":"https:\/\/guineechrono.com\/index.php\/guinee-dar-es-salam-ii-les-militants-de-lopposition-dans-le-collimateur-du-pouvoir-conde\/","title":{"rendered":"Guin\u00e9e\/Dar-Es-Salam II: Les militants de l\u2019opposition dans le collimateur du pouvoir Cond\u00e9"},"content":{"rendered":"<p>De plus en plus r\u00e9currentes et violentes, les manifestations politiques continuent d\u2019endeuiller les populations, dans les bastions de l\u2019opposition guin\u00e9enne, conduite par l\u2019UFDG de Cellou Dalein Diallo (chef de file).<\/p>\n<p>En effet, les opposants au r\u00e9gime ont opt\u00e9 pour la rue, afin de r\u00e9clamer les r\u00e9sultats des \u00e9lections communales du 4 f\u00e9vrier 2018, qui se font attendre six mois apr\u00e8s leur organisation.<\/p>\n<p>Six mois pour proclamer des r\u00e9sultats ! Du jamais vu dans une d\u00e9mocratie qui se respecte. Le pouvoir, apr\u00e8s sa d\u00e9b\u00e2cle \u00e9lectorale, a simplement d\u00e9cid\u00e9 de ranger ces r\u00e9sultats dans le tiroir. En toute impunit\u00e9. Pour l\u2019opposition, qui estime avoir gagn\u00e9 les communales tr\u00e8s largement, il n\u2019est pas question de c\u00e9der \u00e0 la r\u00e9signation et \u00e0 cette tentative de confiscation de sa large victoire. D\u2019o\u00f9 le<br \/>\nbras-de-fer engag\u00e9, avec \u00e0 la cl\u00e9, les manifestations de rue quasi-quotidiennes et de nombreux morts et bless\u00e9s unanimement d\u00e9plor\u00e9s par les observateurs ind\u00e9pendants et les organisations de d\u00e9fense des droits humains.<\/p>\n<p><strong>Chasse \u00e0 l\u2019homme<\/strong><\/p>\n<p>De nos jours, nulle n\u2019est \u00e0 l\u2019abri d\u2019une interpellation polici\u00e8re en Guin\u00e9e. Le pouvoir d\u2019Alpha Cond\u00e9, de plus en plus r\u00e9pressif, est d\u00e9termin\u00e9 \u00e0 coffrer les dirigeants, militants et sympathisants jug\u00e9s plus tenaces et intraitables. En voulant liquider ou arr\u00eater les meneurs dans les quartiers, le pouvoir moribond veut tout simplement tuer le mouvement de contestation dans l\u2019\u0153uf, d\u00e8s lors que les leaders de l\u2019opposition sont plac\u00e9s en quarantaine selon le calendrier de ces manifestations.<\/p>\n<p>Avec l\u2019appui des chefs de quartier, le r\u00e9gime Cond\u00e9 s\u2019est engag\u00e9 dans une v\u00e9ritable \u00ab chasse \u00e0 la courre \u00bb, contre les jeunes militants de l\u2019opposition, suppos\u00e9s \u00eatre les meneurs des marches contre la confiscation des r\u00e9sultats des municipales mais aussi le projet de 3\u00e8me mandat qui se profile dans les all\u00e9es du pouvoir.<\/p>\n<p>Aujourd\u2019hui, les quartiers de Wanindara, de Dar-es-Salam, Kosa, Sonfonia, voire la Cimenterie \u2013 que le gouvernement Cond\u00e9 a surnomm\u00e9 Axe du Mal \u2013 sont invivables, au regard de la pr\u00e9sence militaire et polici\u00e8re. Les arrestations arbitraires, les bavures, les pillages et les viols sont tout autant permis qu\u2019il s\u2019agisse de \u00ab zones de danger et de r\u00e9bellion \u00bb, selon les termes de Amadou Damaro Camara, un des<br \/>\ngourous du RPG arc-en-ciel (parti au pouvoir). \u00ab Dans ces zones, il faut plut\u00f4t aller avec des armes de guerre et non des matraques \u00bb, vient-il de le dire dans l\u2019\u00e9mission de grande \u00e9coute Les Grandes Gueules d\u2019Espace FM.<\/p>\n<p>\u00c0 Dar-Es-Salam, a-t-on appris de source polici\u00e8re, le chef de quartier n\u2019est pas all\u00e9 de main morte pour mettre \u00e0 ex\u00e9cution le plan diabolique du pouvoir, qui est celui de mettre aux arr\u00eats la jeunesse de l\u2019UFDG, principale formation politique de l\u2019opposition.<\/p>\n<p>Celui-ci a d\u00e9j\u00e0 transmis \u00e0 la Police et \u00e0 la Gendarmerie une liste cens\u00e9e \u00eatre exhaustive de \u00ab\u00a070 militants qui troublent \u00e0 l\u2019ordre publique\u00a0\u00bb. Une liste qui circule dans les milieux politiques locaux et dans toutes les familles proches de l\u2019opposition, o\u00f9 l\u2019inqui\u00e9tude est grandissante. En t\u00eate de liste, on y voit, notamment, les noms de Karim Bald\u00e9, Amadou Telly Diallo, Ousmane Sy et Saikou Oumar Diallo.<br \/>\nChaque nom est accompagn\u00e9 d\u2019une photo de l\u2019individu concern\u00e9.<\/p>\n<p>Contact\u00e9 par notre r\u00e9daction, un proche du conseil de quartier de Dar-Es-Salam soutient que ces 70 personnes sont dans le collimateur du pouvoir pour avoir port\u00e9 le treillis (tenue militaire) au cours des manifestations. \u00ab Ce sont des gens qui tirent sur les manifestants et par la suite, l\u2019opposition accuse le pouvoir de bavure \u00bb, insiste cet homme qui requiert l\u2019anonymat.<\/p>\n<p>Pour El-hadji Mamady Kaba, chef de quartier de Dar-Es-Salam II, que notre reporter a rencontr\u00e9, il n\u2019y a l\u2019ombre d\u2019aucun doute : \u00ab ce jeune homme que vous voyez sur cette photo, v\u00eatu en tenue militaire, s\u2019infiltre souvent dans les manifestations politiques et commet des<br \/>\ncrimes et on accuse les forces de l\u2019ordre d\u2019avoir tir\u00e9 sur les gens. Ce jeune homme n\u2019est autre qu\u2019Amadou Telly Diallo. C\u2019est juste un exemple que je vous donne puisqu\u2019il n\u2019est pas le seul dans ce cas \u00bb, mart\u00e8le-t-il en montrant une image.<\/p>\n<p>\u00ab Les 70 personnes dont on parle ont chacun, \u00e0 des degr\u00e9s diff\u00e9rents, une part de responsabilit\u00e9 qui est la sienne dans les manifestations meurtri\u00e8res qui endeuillent la commune de Ratoma \u00bb, ajoute-t-il.<\/p>\n<p><strong>Abus de pouvoir<\/strong><\/p>\n<p>La Gendarmerie et la Police tentent, chacune de son c\u00f4t\u00e9, de mettre le grappin sur les 70 personnes ci-list\u00e9es. Les agents des forces de l\u2019ordre ont d\u00e9j\u00e0 rendu visite \u00e0 certaines familles. A Dar-Es-Salam, on craint les abus de pouvoir, \u00e0 l\u2019image du drame survenu il y a quelques jours dans la famille d\u2019Amadou Telly Diallo, que les bidasses projetaient d\u2019arr\u00eater. Ce dernier \u00e9tant absent, ils se sont ru\u00e9s sur<br \/>\nson cousin et compagnon de chambre, qu\u2019ils rou\u00e8rent de coups jusqu\u2019\u00e0 l\u2019agonie.<\/p>\n<p><img fetchpriority=\"high\" decoding=\"async\" class=\"alignnone size-medium wp-image-17501 tie-appear td-animation-stack-type1-1\" src=\"https:\/\/www.guineequotidien.com\/wp-content\/uploads\/2021\/08\/IMG-20210914-WA0041-300x225.jpg\" alt=\"\" width=\"300\" height=\"225\" \/><\/p>\n<p>Au lieu de l\u2019envoyer \u00e0 l\u2019h\u00f4pital, les agents l\u2019ont plut\u00f4t conduit vers une destination inconnue. Aux derni\u00e8res nouvelles, il avait \u00e9t\u00e9 largu\u00e9 au Peloton Mobile de Gendarmerie de Hamdallaye o\u00f9 il a succomb\u00e9 \u00e0 la bastonnade. Depuis, les bruits qui courent dans cette localit\u00e9<br \/>\nincitent la plupart des habitants de ce quartier \u00e0 aller ailleurs afin de pr\u00e9server leur vie. Quant aux 70 personnes vis\u00e9es par le pouvoir, leurs t\u00eates sont mises \u00e0 prix\u2026<\/p>\n<p><strong>Marcel Loua<\/strong><\/p>\n","protected":false},"excerpt":{"rendered":"<p>De plus en plus r\u00e9currentes et violentes, les manifestations politiques continuent d\u2019endeuiller les populations, dans les bastions de l\u2019opposition guin\u00e9enne, conduite par l\u2019UFDG de Cellou Dalein Diallo (chef de file). En effet, les opposants au r\u00e9gime ont opt\u00e9 pour la rue, afin de r\u00e9clamer les r\u00e9sultats des \u00e9lections communales du 4 f\u00e9vrier 2018, qui se [&hellip;]<\/p>\n","protected":false},"author":2,"featured_media":25693,"comment_status":"open","ping_status":"closed","sticky":false,"template":"","format":"standard","meta":{"buzzeditor_post_format":"","footnotes":""},"categories":[2,42,43],"tags":[],"class_list":["post-25692","post","type-post","status-publish","format-standard","has-post-thumbnail","hentry","category-featured","category-news","category-politique"],"jetpack_featured_media_url":"https:\/\/guineechrono.com\/wp-content\/uploads\/2021\/10\/20210914_104615-388x330-1.jpg","amp_enabled":true,"_links":{"self":[{"href":"https:\/\/guineechrono.com\/index.php\/wp-json\/wp\/v2\/posts\/25692","targetHints":{"allow":["GET"]}}],"collection":[{"href":"https:\/\/guineechrono.com\/index.php\/wp-json\/wp\/v2\/posts"}],"about":[{"href":"https:\/\/guineechrono.com\/index.php\/wp-json\/wp\/v2\/types\/post"}],"author":[{"embeddable":true,"href":"https:\/\/guineechrono.com\/index.php\/wp-json\/wp\/v2\/users\/2"}],"replies":[{"embeddable":true,"href":"https:\/\/guineechrono.com\/index.php\/wp-json\/wp\/v2\/comments?post=25692"}],"version-history":[{"count":0,"href":"https:\/\/guineechrono.com\/index.php\/wp-json\/wp\/v2\/posts\/25692\/revisions"}],"wp:featuredmedia":[{"embeddable":true,"href":"https:\/\/guineechrono.com\/index.php\/wp-json\/wp\/v2\/media\/25693"}],"wp:attachment":[{"href":"https:\/\/guineechrono.com\/index.php\/wp-json\/wp\/v2\/media?parent=25692"}],"wp:term":[{"taxonomy":"category","embeddable":true,"href":"https:\/\/guineechrono.com\/index.php\/wp-json\/wp\/v2\/categories?post=25692"},{"taxonomy":"post_tag","embeddable":true,"href":"https:\/\/guineechrono.com\/index.php\/wp-json\/wp\/v2\/tags?post=25692"}],"curies":[{"name":"wp","href":"https:\/\/api.w.org\/{rel}","templated":true}]}}