{"id":25904,"date":"2021-10-15T13:06:50","date_gmt":"2021-10-15T12:06:50","guid":{"rendered":"https:\/\/guineechrono.com\/?p=25904"},"modified":"2021-10-15T13:06:50","modified_gmt":"2021-10-15T12:06:50","slug":"ghana-le-president-de-la-republique-president-en-exercice-de-la-cedeao-recoit-les-missionnaires-du-fndc","status":"publish","type":"post","link":"https:\/\/guineechrono.com\/index.php\/ghana-le-president-de-la-republique-president-en-exercice-de-la-cedeao-recoit-les-missionnaires-du-fndc\/","title":{"rendered":"Ghana : le Pr\u00e9sident de la R\u00e9publique, Pr\u00e9sident en exercice de la CEDEAO re\u00e7oit les missionnaires du FNDC"},"content":{"rendered":"<p>En mission dans les pays de la sous-r\u00e9gion, une d\u00e9l\u00e9gation de la Coordination Nationale du FNDC compos\u00e9e de Oumar Sylla (Fonik\u00e9 Mengu\u00e9), Ibrahima Diallo et Sekou Koundouno a \u00e9t\u00e9 re\u00e7ue, ce jeudi 14 octobre 2021, par le Pr\u00e9sident en exercice de la CEDEAO, Son Excellence Nana Akufo-Addo, Pr\u00e9sident de la R\u00e9publique du Ghana.<br \/>\nAu menu des \u00e9changes :<br \/>\n\u2013 La situation sociopolitique actuelle de la Guin\u00e9e marqu\u00e9e par la prise du pouvoir par l\u2019arm\u00e9e guin\u00e9enne;<br \/>\n\u2013 Le point de vue de la soci\u00e9t\u00e9 civile guin\u00e9enne sur la Transition en cours en Guin\u00e9e;<br \/>\n\u2013 L\u2019implication du Pr\u00e9sident en exercice de la CEDEAO et des amis de la Guin\u00e9e pour la r\u00e9ussite de la Transition.<br \/>\nSon Excellence Nana Akufo-Addo a exprim\u00e9 son soutien au peuple fr\u00e8re de Guin\u00e9e et sa disponibilit\u00e9 \u00e0 maintenir le contact avec le FNDC jusqu\u2019au retour de l\u2019ordre constitutionnel.<br \/>\n<strong>La Coordination Nationale du FNDC.\u00a0<\/strong><\/p>\n","protected":false},"excerpt":{"rendered":"<p>En mission dans les pays de la sous-r\u00e9gion, une d\u00e9l\u00e9gation de la Coordination Nationale du FNDC compos\u00e9e de Oumar Sylla (Fonik\u00e9 Mengu\u00e9), Ibrahima Diallo et Sekou Koundouno a \u00e9t\u00e9 re\u00e7ue, ce jeudi 14 octobre 2021, par le Pr\u00e9sident en exercice de la CEDEAO, Son Excellence Nana Akufo-Addo, Pr\u00e9sident de la R\u00e9publique du Ghana. Au menu [&hellip;]<\/p>\n","protected":false},"author":2,"featured_media":25905,"comment_status":"open","ping_status":"closed","sticky":false,"template":"","format":"standard","meta":{"buzzeditor_post_format":"","footnotes":""},"categories":[42],"tags":[],"class_list":["post-25904","post","type-post","status-publish","format-standard","has-post-thumbnail","hentry","category-news"],"jetpack_featured_media_url":"https:\/\/guineechrono.com\/wp-content\/uploads\/2021\/10\/ghanaa.jpg","amp_enabled":true,"_links":{"self":[{"href":"https:\/\/guineechrono.com\/index.php\/wp-json\/wp\/v2\/posts\/25904","targetHints":{"allow":["GET"]}}],"collection":[{"href":"https:\/\/guineechrono.com\/index.php\/wp-json\/wp\/v2\/posts"}],"about":[{"href":"https:\/\/guineechrono.com\/index.php\/wp-json\/wp\/v2\/types\/post"}],"author":[{"embeddable":true,"href":"https:\/\/guineechrono.com\/index.php\/wp-json\/wp\/v2\/users\/2"}],"replies":[{"embeddable":true,"href":"https:\/\/guineechrono.com\/index.php\/wp-json\/wp\/v2\/comments?post=25904"}],"version-history":[{"count":0,"href":"https:\/\/guineechrono.com\/index.php\/wp-json\/wp\/v2\/posts\/25904\/revisions"}],"wp:featuredmedia":[{"embeddable":true,"href":"https:\/\/guineechrono.com\/index.php\/wp-json\/wp\/v2\/media\/25905"}],"wp:attachment":[{"href":"https:\/\/guineechrono.com\/index.php\/wp-json\/wp\/v2\/media?parent=25904"}],"wp:term":[{"taxonomy":"category","embeddable":true,"href":"https:\/\/guineechrono.com\/index.php\/wp-json\/wp\/v2\/categories?post=25904"},{"taxonomy":"post_tag","embeddable":true,"href":"https:\/\/guineechrono.com\/index.php\/wp-json\/wp\/v2\/tags?post=25904"}],"curies":[{"name":"wp","href":"https:\/\/api.w.org\/{rel}","templated":true}]}}