{"id":26233,"date":"2021-11-17T14:13:23","date_gmt":"2021-11-17T13:13:23","guid":{"rendered":"https:\/\/guineechrono.com\/?p=26233"},"modified":"2021-11-17T14:13:23","modified_gmt":"2021-11-17T13:13:23","slug":"tribune-est-il-impossible-pour-le-cnt-de-jouer-son-role-legislatif-pendant-la-transition-me-traore","status":"publish","type":"post","link":"https:\/\/guineechrono.com\/index.php\/tribune-est-il-impossible-pour-le-cnt-de-jouer-son-role-legislatif-pendant-la-transition-me-traore\/","title":{"rendered":"Tribune : Est-il impossible pour le CNT de jouer son r\u00f4le l\u00e9gislatif pendant la transition ? (Me Traor\u00e9)"},"content":{"rendered":"<p>La question a \u00e9t\u00e9 abord\u00e9e r\u00e9cemment lors d\u2019une conf\u00e9rence tenue \u00e0 l\u2019Universit\u00e9 G\u00e9n\u00e9ral Lansana Cont\u00e9 de Sonfonia. Selon un juriste, la r\u00e9ponse est affirmative. Selon ce dernier, la Charte de la Transition comporte des lacunes et insuffisances qui rendent impossible l\u2019exercice par le CNT du pouvoir l\u00e9gislatif qui lui est d\u00e9volu par ce texte.<\/p>\n<p>Pour \u00e9tayer sa position, il a \u00e9voqu\u00e9 le manque de pr\u00e9cisions sur les conditions d\u2019exercice du r\u00f4le l\u00e9gislatif du CNT notamment l\u2019initiative de la loi, la proc\u00e9dure l\u00e9gislative et les conditions d\u2019adoption des textes.<\/p>\n<p>S\u2019il est vrai que la Charte de la Transition ne dit absolument rien sur ces questions, il faut tout de m\u00eame nuancer la pr\u00e9tendue impossibilit\u00e9 pour le CNT d\u2019exercer ses attributions l\u00e9gislatives en raison de cette lacune.<\/p>\n<p>En l\u2019absence de dispositions relatives \u00e0 l\u2019initiative de la loi, \u00e0 la proc\u00e9dure l\u00e9gislative et enfin aux conditions d\u2019adoption des textes soumis au CNT, il ne lui sera pas interdit de faire recours aux r\u00e8gles pr\u00e9vues en la mati\u00e8re par le texte constitutionnel suspendu par la d\u00e9claration de prise du pouvoir par le CNRD. On sait que dans le syst\u00e8me que l\u2019on a connu jusqu\u2019\u00e0 maintenant, l\u2019initiative de la loi appartenait concurremment au pouvoir l\u00e9gislatif\u00a0(assembl\u00e9e nationale) et au pouvoir ex\u00e9cutif. Il n\u2019est pas s\u00fbr que cette r\u00e8gle change m\u00eame la prochaine constitution.<\/p>\n<p>Rien n\u2019emp\u00eache donc d\u2019appliquer la m\u00eame r\u00e8gle en ce qui concerne la p\u00e9riode d\u2019exception qui est ouverte depuis le 5 septembre 2021. L\u2019initiative de la loi pourrait \u00e9maner du CNT (Parlement de Transition) et du Gouvernement de Transition.<\/p>\n<p>Quant \u00e0 la proc\u00e9dure l\u00e9gislative, elle doit sans doute \u00eatre la m\u00eame que celle qui est applicable devant l\u2019Assembl\u00e9e nationale (d\u00e9p\u00f4t du projet ou de la proposition de loi sur le bureau de l\u2019Assembl\u00e9e nationale, examen et adoption du texte en session pl\u00e9ni\u00e8re, promulgation\u2026)<\/p>\n<p>Enfin, les conditions d\u2019adoption du texte variera selon qu\u2019il s\u2019agit d\u2019une loi ordinaire ou d\u2019une loi organique.<\/p>\n<p>C\u2019est de cette mani\u00e8re que le CTRN et le CNT de 2010 avaient fonctionn\u00e9 alors qu\u2019il n\u2019existait m\u00eame pas de Charte de la Transition.<\/p>\n<p>Me Mohamed Traor\u00e9<\/p>\n<p>Ancien b\u00e2tonnier<\/p>\n<p>&nbsp;<\/p>\n","protected":false},"excerpt":{"rendered":"<p>La question a \u00e9t\u00e9 abord\u00e9e r\u00e9cemment lors d\u2019une conf\u00e9rence tenue \u00e0 l\u2019Universit\u00e9 G\u00e9n\u00e9ral Lansana Cont\u00e9 de Sonfonia. Selon un juriste, la r\u00e9ponse est affirmative. Selon ce dernier, la Charte de la Transition comporte des lacunes et insuffisances qui rendent impossible l\u2019exercice par le CNT du pouvoir l\u00e9gislatif qui lui est d\u00e9volu par ce texte. Pour [&hellip;]<\/p>\n","protected":false},"author":2,"featured_media":26234,"comment_status":"open","ping_status":"closed","sticky":false,"template":"","format":"standard","meta":{"buzzeditor_post_format":"","footnotes":""},"categories":[42],"tags":[],"class_list":["post-26233","post","type-post","status-publish","format-standard","has-post-thumbnail","hentry","category-news"],"jetpack_featured_media_url":"https:\/\/guineechrono.com\/wp-content\/uploads\/2021\/11\/traoree.jpeg","amp_enabled":true,"_links":{"self":[{"href":"https:\/\/guineechrono.com\/index.php\/wp-json\/wp\/v2\/posts\/26233","targetHints":{"allow":["GET"]}}],"collection":[{"href":"https:\/\/guineechrono.com\/index.php\/wp-json\/wp\/v2\/posts"}],"about":[{"href":"https:\/\/guineechrono.com\/index.php\/wp-json\/wp\/v2\/types\/post"}],"author":[{"embeddable":true,"href":"https:\/\/guineechrono.com\/index.php\/wp-json\/wp\/v2\/users\/2"}],"replies":[{"embeddable":true,"href":"https:\/\/guineechrono.com\/index.php\/wp-json\/wp\/v2\/comments?post=26233"}],"version-history":[{"count":0,"href":"https:\/\/guineechrono.com\/index.php\/wp-json\/wp\/v2\/posts\/26233\/revisions"}],"wp:featuredmedia":[{"embeddable":true,"href":"https:\/\/guineechrono.com\/index.php\/wp-json\/wp\/v2\/media\/26234"}],"wp:attachment":[{"href":"https:\/\/guineechrono.com\/index.php\/wp-json\/wp\/v2\/media?parent=26233"}],"wp:term":[{"taxonomy":"category","embeddable":true,"href":"https:\/\/guineechrono.com\/index.php\/wp-json\/wp\/v2\/categories?post=26233"},{"taxonomy":"post_tag","embeddable":true,"href":"https:\/\/guineechrono.com\/index.php\/wp-json\/wp\/v2\/tags?post=26233"}],"curies":[{"name":"wp","href":"https:\/\/api.w.org\/{rel}","templated":true}]}}