{"id":2626,"date":"2018-12-13T14:25:01","date_gmt":"2018-12-13T13:25:01","guid":{"rendered":"http:\/\/guineechrono.com\/?p=2626"},"modified":"2018-12-13T14:25:01","modified_gmt":"2018-12-13T13:25:01","slug":"guinee-sidya-toure-donne-des-eclairages-sur-sa-demission","status":"publish","type":"post","link":"https:\/\/guineechrono.com\/index.php\/guinee-sidya-toure-donne-des-eclairages-sur-sa-demission\/","title":{"rendered":"Guin\u00e9e : Sidya Tour\u00e9 donne des \u00e9clairages sur sa d\u00e9mission"},"content":{"rendered":"<p><b>Le d\u00e9sormais haut repr\u00e9sentant du chef de l\u2019Etat, Sidya Tour\u00e9 a expliqu\u00e9 les v\u00e9ritables raisons de sa d\u00e9mission \u00e0 son poste. Il l\u2019a fait savoir ce mardi 12 d\u00e9cembre 2018 au cours d\u2019une conf\u00e9rence de presse qu\u2019il a organis\u00e9 \u00e0 cette occasion.<\/b><\/p>\n<p>Dans son explication, le pr\u00e9sident de l\u2019Union des Forces R\u00e9publicaines (UFR) a dit ceci\u00a0:\u00a0<em>\u00ab<\/em><em>\u00a0<\/em><em>j\u2019ai occup\u00e9 un poste institutionnel, j\u2019ai connu Alpha Cond\u00e9 il y a 38 ans. Je n\u2019avais pas de mission pr\u00e9cise en r\u00e9alit\u00e9. J\u2019ai accept\u00e9 ce poste pour parler de certaines questions li\u00e9es \u00e0 la vie de la nation comme l\u2019agriculture \u00bb.<\/em><\/p>\n<p>Selon Sidya Tour\u00e9 qui a accept\u00e9 la confiance plac\u00e9e en lui depuis 2015 par le pr\u00e9sident Alpha Cond\u00e9, \u00ab\u00a0c\u2019est un poste d\u00e9pourvu de mission qu\u2019il incarnait\u00a0\u00bb d\u00e9nonce-t-il.<\/p>\n<p>Parlant l\u2019avenir des accords sign\u00e9s entre l\u2019UFR et le RPG arc-en-ciel, relatifs \u00e0 l\u2019installation des ex\u00e9cutifs communaux, Sidya Tour\u00e9 ne compte tourner dos au compromis trouv\u00e9.\u00a0\u00a0<em>\u00abLes accords ont \u00e9t\u00e9 respect\u00e9s \u00e0 Matam. Donc, ils seront aussi respect\u00e9s \u00e0 Matoto,\u00bb pr\u00e9cise-t-il.<\/em><i>\u00a0<\/i><\/p>\n<p>Il dira en fin que sa formation politique ne rejoindra pas l\u2019opposition r\u00e9publicaine ni la mouvance pr\u00e9sidentielle, mais il restera au centre comme disait feu Jean Marie Dor\u00e9.<\/p>\n<div class=\"yj6qo ajU\">\n<div id=\":1df\" class=\"ajR\" role=\"button\"><img decoding=\"async\" class=\"ajT\" src=\"https:\/\/ssl.gstatic.com\/ui\/v1\/icons\/mail\/images\/cleardot.gif\" \/><\/div>\n<\/div>\n<p><b>Aboubacar Pastoria Camara<\/b><\/p>\n<p>&nbsp;<\/p>\n","protected":false},"excerpt":{"rendered":"<p>Le d\u00e9sormais haut repr\u00e9sentant du chef de l\u2019Etat, Sidya Tour\u00e9 a expliqu\u00e9 les v\u00e9ritables raisons de sa d\u00e9mission \u00e0 son poste. Il l\u2019a fait savoir ce mardi 12 d\u00e9cembre 2018 au cours d\u2019une conf\u00e9rence de presse qu\u2019il a organis\u00e9 \u00e0 cette occasion. Dans son explication, le pr\u00e9sident de l\u2019Union des Forces R\u00e9publicaines (UFR) a dit [&hellip;]<\/p>\n","protected":false},"author":2,"featured_media":2627,"comment_status":"open","ping_status":"closed","sticky":false,"template":"","format":"standard","meta":{"buzzeditor_post_format":"","footnotes":""},"categories":[1],"tags":[],"class_list":["post-2626","post","type-post","status-publish","format-standard","has-post-thumbnail","hentry","category-non-classe"],"jetpack_featured_media_url":"https:\/\/guineechrono.com\/wp-content\/uploads\/2018\/12\/sidya.jpeg","amp_enabled":true,"_links":{"self":[{"href":"https:\/\/guineechrono.com\/index.php\/wp-json\/wp\/v2\/posts\/2626","targetHints":{"allow":["GET"]}}],"collection":[{"href":"https:\/\/guineechrono.com\/index.php\/wp-json\/wp\/v2\/posts"}],"about":[{"href":"https:\/\/guineechrono.com\/index.php\/wp-json\/wp\/v2\/types\/post"}],"author":[{"embeddable":true,"href":"https:\/\/guineechrono.com\/index.php\/wp-json\/wp\/v2\/users\/2"}],"replies":[{"embeddable":true,"href":"https:\/\/guineechrono.com\/index.php\/wp-json\/wp\/v2\/comments?post=2626"}],"version-history":[{"count":0,"href":"https:\/\/guineechrono.com\/index.php\/wp-json\/wp\/v2\/posts\/2626\/revisions"}],"wp:featuredmedia":[{"embeddable":true,"href":"https:\/\/guineechrono.com\/index.php\/wp-json\/wp\/v2\/media\/2627"}],"wp:attachment":[{"href":"https:\/\/guineechrono.com\/index.php\/wp-json\/wp\/v2\/media?parent=2626"}],"wp:term":[{"taxonomy":"category","embeddable":true,"href":"https:\/\/guineechrono.com\/index.php\/wp-json\/wp\/v2\/categories?post=2626"},{"taxonomy":"post_tag","embeddable":true,"href":"https:\/\/guineechrono.com\/index.php\/wp-json\/wp\/v2\/tags?post=2626"}],"curies":[{"name":"wp","href":"https:\/\/api.w.org\/{rel}","templated":true}]}}