{"id":2632,"date":"2018-12-13T15:10:17","date_gmt":"2018-12-13T14:10:17","guid":{"rendered":"http:\/\/guineechrono.com\/?p=2632"},"modified":"2018-12-13T15:10:17","modified_gmt":"2018-12-13T14:10:17","slug":"guinee-linidh-oeuvre-pour-la-paix","status":"publish","type":"post","link":"https:\/\/guineechrono.com\/index.php\/guinee-linidh-oeuvre-pour-la-paix\/","title":{"rendered":"Guin\u00e9e : l\u2019INIDH \u0153uvre  pour la paix"},"content":{"rendered":"<p style=\"font-weight: 400\"><strong>Ce mercredi, 12 D\u00e9cembre 2018 \u00e0 Conakry, l\u2019Institution Nationale Ind\u00e9pendante des Droits Humains (INIDH) a organis\u00e9 \u00a0une Journ\u00e9e Nationale de concertation\u00a0 sous le th\u00e8me \u2018\u2019Violence et Culture de la paix \u2018\u2019. L\u2019objectif \u00e9tait de promouvoir et prot\u00e9ger l\u2019ensemble des libert\u00e9s et des droits fondamentaux humains en luttant contre toutes formes de violence, afin d\u2019instaurer une v\u00e9ritable paix en Guin\u00e9e.<\/strong><\/p>\n<p style=\"font-weight: 400\">Cette rencontre regroupe les acteurs de la soci\u00e9t\u00e9 civile, de l\u2019administration publique, des associations de jeunesse, des forces de d\u00e9fenses et de s\u00e9curit\u00e9 et des religieux.<\/p>\n<p style=\"font-weight: 400\">Dans son intervention, le premier responsable de l\u2019institution, Dr. Alya Diaby a rappel\u00e9 que\u00a0 l\u2019objectif de cette rencontre \u00e9tait \u00a0d\u2019\u00e9changer \u00a0autour des m\u00e9thodes pouvant permettre de contribuer \u00e0 la consolidation de la paix la coh\u00e9sion sociale et aussi et \u00e0 la promotion des Droits de l\u2019Homme en Guin\u00e9e.<\/p>\n<p style=\"font-weight: 400\">Selon lui, c\u2019est une mani\u00e8re de permettre aux uns et aux autres de faire part \u00e0 son institution leurs pr\u00e9occupations face \u00e0 la mont\u00e9e de la violence sous toutes ses formes en guin\u00e9e.\u00a0\u00ab\u00a0Nous avons voulu susciter une offre de paix \u00e0 travers cette activit\u00e9. Elle vise \u00e9galement \u00e0 faire un dialogue d\u00e9passionn\u00e9 sur toutes les questions relatives \u00e0 la paix et \u00e0 la qui\u00e9tude sociale,\u00a0\u00bb a-t-il d\u00e9clar\u00e9.<\/p>\n<p style=\"font-weight: 400\">Il dira que les recommandations issues de cette journ\u00e9e nationale de concertation seront d\u00e9pos\u00e9es aupr\u00e8s du Pr\u00e9sident de la R\u00e9publique pour examen et adoption et seront remises sous forme de m\u00e9morandum \u00e0 chaque entit\u00e9 sociale, politique et religieuse.<\/p>\n<p style=\"font-weight: 400\">Pr\u00e9sente \u00e0 cette rencontre d\u2019\u00e9change, l\u2019ex-pr\u00e9sidente de Mano River, Hadja Saran Daraba \u00a0se r\u00e9jouit \u00a0de la qualit\u00e9 du d\u00e9bat sur violence et Culture de la paix en Guin\u00e9e. \u00ab\u00a0Je demande \u00e0 l\u2019INIDH de multiplier ces genres de concertation dans notre pays,\u00bb conclut-elle.<\/p>\n<p><strong>Aboubacar Pastoria Camara<\/strong><\/p>\n","protected":false},"excerpt":{"rendered":"<p>Ce mercredi, 12 D\u00e9cembre 2018 \u00e0 Conakry, l\u2019Institution Nationale Ind\u00e9pendante des Droits Humains (INIDH) a organis\u00e9 \u00a0une Journ\u00e9e Nationale de concertation\u00a0 sous le th\u00e8me \u2018\u2019Violence et Culture de la paix \u2018\u2019. L\u2019objectif \u00e9tait de promouvoir et prot\u00e9ger l\u2019ensemble des libert\u00e9s et des droits fondamentaux humains en luttant contre toutes formes de violence, afin d\u2019instaurer une [&hellip;]<\/p>\n","protected":false},"author":2,"featured_media":2633,"comment_status":"open","ping_status":"closed","sticky":false,"template":"","format":"standard","meta":{"buzzeditor_post_format":"","footnotes":""},"categories":[1],"tags":[],"class_list":["post-2632","post","type-post","status-publish","format-standard","has-post-thumbnail","hentry","category-non-classe"],"jetpack_featured_media_url":"https:\/\/guineechrono.com\/wp-content\/uploads\/2018\/12\/Diaby.jpg","amp_enabled":true,"_links":{"self":[{"href":"https:\/\/guineechrono.com\/index.php\/wp-json\/wp\/v2\/posts\/2632","targetHints":{"allow":["GET"]}}],"collection":[{"href":"https:\/\/guineechrono.com\/index.php\/wp-json\/wp\/v2\/posts"}],"about":[{"href":"https:\/\/guineechrono.com\/index.php\/wp-json\/wp\/v2\/types\/post"}],"author":[{"embeddable":true,"href":"https:\/\/guineechrono.com\/index.php\/wp-json\/wp\/v2\/users\/2"}],"replies":[{"embeddable":true,"href":"https:\/\/guineechrono.com\/index.php\/wp-json\/wp\/v2\/comments?post=2632"}],"version-history":[{"count":0,"href":"https:\/\/guineechrono.com\/index.php\/wp-json\/wp\/v2\/posts\/2632\/revisions"}],"wp:featuredmedia":[{"embeddable":true,"href":"https:\/\/guineechrono.com\/index.php\/wp-json\/wp\/v2\/media\/2633"}],"wp:attachment":[{"href":"https:\/\/guineechrono.com\/index.php\/wp-json\/wp\/v2\/media?parent=2632"}],"wp:term":[{"taxonomy":"category","embeddable":true,"href":"https:\/\/guineechrono.com\/index.php\/wp-json\/wp\/v2\/categories?post=2632"},{"taxonomy":"post_tag","embeddable":true,"href":"https:\/\/guineechrono.com\/index.php\/wp-json\/wp\/v2\/tags?post=2632"}],"curies":[{"name":"wp","href":"https:\/\/api.w.org\/{rel}","templated":true}]}}