{"id":26463,"date":"2021-12-02T14:16:55","date_gmt":"2021-12-02T13:16:55","guid":{"rendered":"https:\/\/guineechrono.com\/?p=26463"},"modified":"2021-12-02T14:16:55","modified_gmt":"2021-12-02T13:16:55","slug":"decret-encore-des-secretaires-generaux-nommes","status":"publish","type":"post","link":"https:\/\/guineechrono.com\/index.php\/decret-encore-des-secretaires-generaux-nommes\/","title":{"rendered":"D\u00e9cret : encore des secr\u00e9taires g\u00e9n\u00e9raux nomm\u00e9s"},"content":{"rendered":"<p><strong>Dans un d\u00e9cret lundi dans la soir\u00e9e de ce mercredi \u00e0 la t\u00e9l\u00e9vision nationale, le pr\u00e9sident de la transition, le colonel Mamadi Doumbouya a nomm\u00e9 plusieurs secr\u00e9taires g\u00e9n\u00e9raux et chefs de cabinets dans des d\u00e9partements minist\u00e9riels.<\/strong><\/p>\n<p><strong>Lisez\u2026.<\/strong><\/p>\n<p>Moustapha Kobel\u00e9 Ke\u00efta, pr\u00e9c\u00e9demment conseiller juridique est nomm\u00e9 secr\u00e9taire g\u00e9n\u00e9ral au minist\u00e8re de l\u2019administration du territoire et de la d\u00e9centralisation.<\/p>\n<p>Kaba Amara Camara, pr\u00e9c\u00e9demment directeur national \u00e0 la direction nationale des p\u00eaches maritimes est nomm\u00e9 Secr\u00e9taire g\u00e9n\u00e9ral au minist\u00e8re de la p\u00eache et de l\u2019\u00e9conomie maritime.<\/p>\n<p>Ibrahima Kalil Gueye, pr\u00e9c\u00e9demment coordinateur du programme Guin\u00e9e transparente et ouverte est nomm\u00e9 chef de cabinet au minist\u00e8re de la p\u00eache et de l\u2019\u00e9conomie maritime.<\/p>\n<p>Mme A\u00efssatou Barry, pr\u00e9c\u00e9demment pr\u00e9sidente fondatrice de l\u2019association guin\u00e9enne de l\u2019ssistante sociales AGUIAS est nomm\u00e9e cheffe de cabinet au Minist\u00e8re de la promotion f\u00e9minine de l\u2019enfance et des personnes vuln\u00e9rables.<\/p>\n<p>Mohamed Bily Kaba, pr\u00e9c\u00e9demment directeur op\u00e9rationnel N\u00e9ocos est nomm\u00e9 au Minist\u00e8re de la jeunesse et des sports.<\/p>\n<p><strong>R\u00e9daction <\/strong><\/p>\n","protected":false},"excerpt":{"rendered":"<p>Dans un d\u00e9cret lundi dans la soir\u00e9e de ce mercredi \u00e0 la t\u00e9l\u00e9vision nationale, le pr\u00e9sident de la transition, le colonel Mamadi Doumbouya a nomm\u00e9 plusieurs secr\u00e9taires g\u00e9n\u00e9raux et chefs de cabinets dans des d\u00e9partements minist\u00e9riels. Lisez\u2026. Moustapha Kobel\u00e9 Ke\u00efta, pr\u00e9c\u00e9demment conseiller juridique est nomm\u00e9 secr\u00e9taire g\u00e9n\u00e9ral au minist\u00e8re de l\u2019administration du territoire et de [&hellip;]<\/p>\n","protected":false},"author":2,"featured_media":26465,"comment_status":"open","ping_status":"closed","sticky":false,"template":"","format":"standard","meta":{"buzzeditor_post_format":"","footnotes":""},"categories":[42],"tags":[],"class_list":["post-26463","post","type-post","status-publish","format-standard","has-post-thumbnail","hentry","category-news"],"jetpack_featured_media_url":"https:\/\/guineechrono.com\/wp-content\/uploads\/2021\/12\/colonel.jpg","amp_enabled":true,"_links":{"self":[{"href":"https:\/\/guineechrono.com\/index.php\/wp-json\/wp\/v2\/posts\/26463","targetHints":{"allow":["GET"]}}],"collection":[{"href":"https:\/\/guineechrono.com\/index.php\/wp-json\/wp\/v2\/posts"}],"about":[{"href":"https:\/\/guineechrono.com\/index.php\/wp-json\/wp\/v2\/types\/post"}],"author":[{"embeddable":true,"href":"https:\/\/guineechrono.com\/index.php\/wp-json\/wp\/v2\/users\/2"}],"replies":[{"embeddable":true,"href":"https:\/\/guineechrono.com\/index.php\/wp-json\/wp\/v2\/comments?post=26463"}],"version-history":[{"count":0,"href":"https:\/\/guineechrono.com\/index.php\/wp-json\/wp\/v2\/posts\/26463\/revisions"}],"wp:featuredmedia":[{"embeddable":true,"href":"https:\/\/guineechrono.com\/index.php\/wp-json\/wp\/v2\/media\/26465"}],"wp:attachment":[{"href":"https:\/\/guineechrono.com\/index.php\/wp-json\/wp\/v2\/media?parent=26463"}],"wp:term":[{"taxonomy":"category","embeddable":true,"href":"https:\/\/guineechrono.com\/index.php\/wp-json\/wp\/v2\/categories?post=26463"},{"taxonomy":"post_tag","embeddable":true,"href":"https:\/\/guineechrono.com\/index.php\/wp-json\/wp\/v2\/tags?post=26463"}],"curies":[{"name":"wp","href":"https:\/\/api.w.org\/{rel}","templated":true}]}}