{"id":26501,"date":"2021-12-05T08:33:24","date_gmt":"2021-12-05T07:33:24","guid":{"rendered":"https:\/\/guineechrono.com\/?p=26501"},"modified":"2021-12-05T08:33:24","modified_gmt":"2021-12-05T07:33:24","slug":"coleyah-lanseboundji-la-fondation-di-singhe-inaugure-un-point-de-lecture-construit-a-ses-fonds-propres","status":"publish","type":"post","link":"https:\/\/guineechrono.com\/index.php\/coleyah-lanseboundji-la-fondation-di-singhe-inaugure-un-point-de-lecture-construit-a-ses-fonds-propres\/","title":{"rendered":"Col\u00e9yah Lans\u00e9boundji: la Fondation Di Singh\u00e9 inaugure un point de lecture construit \u00e0 ses fonds propres"},"content":{"rendered":"<p><strong>C\u2019est une bonne nouvelle pour le monde de la litt\u00e9rature guin\u00e9enne. La Fondation Di Singh\u00e9 a inaugur\u00e9 un point de lecture \u00e0 Col\u00e9ah Lans\u00e9boundji dans la commune de Matam. La c\u00e9r\u00e9monie d\u2019inaugurale s\u2019est d\u00e9roul\u00e9e ce samedi 4 d\u00e9cembre 2021 \u00e0 Conakry en pr\u00e9sence de plusieurs personnalit\u00e9s notamment, le pr\u00e9sident de l\u2019association des Ecrivains de Guin\u00e9e, Facely ll Mara, Malick K\u00e9b\u00e9, repr\u00e9sentant du ministre de la culture, du tourisme, et de l\u2019h\u00f4tellerie, Sansy Kaba Diakit\u00e9, pr\u00e9sident de l\u2019harmattan Guin\u00e9e.<\/strong><\/p>\n<p>La construction de ce point de lecture par la Fondation Di Singh\u00e9 vise \u00e0 accompagner les jeunes \u00a0de Matam en particulier et de Conakry en g\u00e9n\u00e9ral dans le domaine de la litt\u00e9rature et de la culture.<\/p>\n<p><a href=\"https:\/\/guineechrono.com\/wp-content\/uploads\/2021\/12\/lectureee.jpeg\"><img fetchpriority=\"high\" decoding=\"async\" class=\"aligncenter size-medium wp-image-26503\" src=\"https:\/\/guineechrono.com\/wp-content\/uploads\/2021\/12\/lectureee-300x262.jpeg\" alt=\"\" width=\"300\" height=\"262\" srcset=\"https:\/\/guineechrono.com\/wp-content\/uploads\/2021\/12\/lectureee-300x262.jpeg 300w, https:\/\/guineechrono.com\/wp-content\/uploads\/2021\/12\/lectureee-696x608.jpeg 696w, https:\/\/guineechrono.com\/wp-content\/uploads\/2021\/12\/lectureee-481x420.jpeg 481w, https:\/\/guineechrono.com\/wp-content\/uploads\/2021\/12\/lectureee.jpeg 768w\" sizes=\"(max-width: 300px) 100vw, 300px\" \/><\/a>Dans son intervention, le pr\u00e9sident de ladite fondation, le jeune \u00e9crivain Daouda Bangoura a pr\u00e9cis\u00e9 que cette fondation a \u00e9t\u00e9 construite par ses \u00a0fonds propres. \u00abAu jour d\u2019aujourd\u2019hui, c\u2019est ce point de lecture qui abrite notre fondatiun dont le financement de la r\u00e9novation a \u00e9t\u00e9 assur\u00e9e \u00e0 100% par notre fondation \u00e0 travers la vente de notre ouvrage. Cette fondation comporte un espace de lecture correspondant \u00e0 l\u2019envie d\u2019\u00e9vasion des jeunes, l\u2019acc\u00e8s gratuit \u00e0 l\u2019Internet illimit\u00e9, Plus de 800 livres dont 70 % des auteurs guin\u00e9ens et 30 % africains, tous genres confondus, une aire de jeux de soci\u00e9t\u00e9 (Serabble, Billard, Baby foot, Cartes, Jeux vid\u00e9o, Iudo, Jeux d\u2019\u00e9checs, Manopoli, Damier, une salle de formation climatis\u00e9e d\u2019une capacit\u00e9 de 35 places, un concept de restauration \u00e0 la lecture d\u00e9nomm\u00e9 \u00ab Restolec \u00bb.<\/p>\n<p>Pr\u00e9sent \u00e0 cette c\u00e9r\u00e9monie, \u00a0le directeur g\u00e9n\u00e9ral de l\u2019harmattan Guin\u00e9e, Sansy Kaba Diakit\u00e9 a f\u00e9licit\u00e9 et encourag\u00e9 l\u2019initiateur. \u00ab Je remercie tout le monde ainsi que les partenaires financiers pour cette importante lieu de lecture du savoir pour la jeunesse de Col\u00e8yah Lans\u00e9boungny car notre objectif est de faire Conakry capitale du livre \u00bb.<\/p>\n<p>Il faut noter que Daouda Bangoura compte \u00e9largir ces points de lecture dans les autres quartiers de Conakry.<\/p>\n<p><strong>Camara Aboubacar \u00a0<\/strong><\/p>\n","protected":false},"excerpt":{"rendered":"<p>C\u2019est une bonne nouvelle pour le monde de la litt\u00e9rature guin\u00e9enne. La Fondation Di Singh\u00e9 a inaugur\u00e9 un point de lecture \u00e0 Col\u00e9ah Lans\u00e9boundji dans la commune de Matam. La c\u00e9r\u00e9monie d\u2019inaugurale s\u2019est d\u00e9roul\u00e9e ce samedi 4 d\u00e9cembre 2021 \u00e0 Conakry en pr\u00e9sence de plusieurs personnalit\u00e9s notamment, le pr\u00e9sident de l\u2019association des Ecrivains de Guin\u00e9e, [&hellip;]<\/p>\n","protected":false},"author":2,"featured_media":26502,"comment_status":"open","ping_status":"closed","sticky":false,"template":"","format":"standard","meta":{"buzzeditor_post_format":"","footnotes":""},"categories":[47],"tags":[],"class_list":["post-26501","post","type-post","status-publish","format-standard","has-post-thumbnail","hentry","category-culture"],"jetpack_featured_media_url":"https:\/\/guineechrono.com\/wp-content\/uploads\/2021\/12\/lecturee.jpeg","amp_enabled":true,"_links":{"self":[{"href":"https:\/\/guineechrono.com\/index.php\/wp-json\/wp\/v2\/posts\/26501","targetHints":{"allow":["GET"]}}],"collection":[{"href":"https:\/\/guineechrono.com\/index.php\/wp-json\/wp\/v2\/posts"}],"about":[{"href":"https:\/\/guineechrono.com\/index.php\/wp-json\/wp\/v2\/types\/post"}],"author":[{"embeddable":true,"href":"https:\/\/guineechrono.com\/index.php\/wp-json\/wp\/v2\/users\/2"}],"replies":[{"embeddable":true,"href":"https:\/\/guineechrono.com\/index.php\/wp-json\/wp\/v2\/comments?post=26501"}],"version-history":[{"count":0,"href":"https:\/\/guineechrono.com\/index.php\/wp-json\/wp\/v2\/posts\/26501\/revisions"}],"wp:featuredmedia":[{"embeddable":true,"href":"https:\/\/guineechrono.com\/index.php\/wp-json\/wp\/v2\/media\/26502"}],"wp:attachment":[{"href":"https:\/\/guineechrono.com\/index.php\/wp-json\/wp\/v2\/media?parent=26501"}],"wp:term":[{"taxonomy":"category","embeddable":true,"href":"https:\/\/guineechrono.com\/index.php\/wp-json\/wp\/v2\/categories?post=26501"},{"taxonomy":"post_tag","embeddable":true,"href":"https:\/\/guineechrono.com\/index.php\/wp-json\/wp\/v2\/tags?post=26501"}],"curies":[{"name":"wp","href":"https:\/\/api.w.org\/{rel}","templated":true}]}}