{"id":26505,"date":"2021-12-05T08:46:27","date_gmt":"2021-12-05T07:46:27","guid":{"rendered":"https:\/\/guineechrono.com\/?p=26505"},"modified":"2021-12-05T08:46:27","modified_gmt":"2021-12-05T07:46:27","slug":"guinee-les-prix-de-la-farine-et-du-pain-augmentes","status":"publish","type":"post","link":"https:\/\/guineechrono.com\/index.php\/guinee-les-prix-de-la-farine-et-du-pain-augmentes\/","title":{"rendered":"Guin\u00e9e: les prix de la farine et du pain augment\u00e9s"},"content":{"rendered":"<p><strong>Dans un communiqu\u00e9, publi\u00e9 vendredi soir, le gouvernement guin\u00e9en a annonc\u00e9 l\u2019augmentation du prix de la farine et du pain sur le march\u00e9. Selon le communiqu\u00e9, cette augmentation est due \u00e0 la \u00a0flamb\u00e9e du prix du bl\u00e9 \u00e0 l\u2019international. <\/strong><\/p>\n<p><strong>Voici le communiqu\u00e9 du minist\u00e8re du commerce, de l\u2019industrie et des PME<\/strong><\/p>\n<p>Le Minist\u00e8re du Commerce, de l\u2019Industrie et des Petites et Moyennes Entreprises porte \u00e0 la connaissance des populations guin\u00e9ennes de la flamb\u00e9e des cours du bl\u00e9 sur les march\u00e9s internationaux atteignant leur seuil historique depuis 2008.<\/p>\n<p>Ainsi, le prix du bl\u00e9 rendu au port de Conakry est pass\u00e9 de \ud835\udfd1\ud835\udfd1\ud835\udfce \ud835\udc14\ud835\udc12\ud835\udc03 \ud835\udc25\ud835\udc1a \ud835\udc2d\ud835\udc28\ud835\udc27\ud835\udc27\ud835\udc1e \ud835\udc26\ud835\udc1e\ud835\udc2d\ud835\udc2b\ud835\udc22\ud835\udc2a\ud835\udc2e\ud835\udc1e \ud835\udc1e\ud835\udc27 \ud835\udc1f\ud835\udc1e\ud835\udc2f\ud835\udc2b\ud835\udc22\ud835\udc1e\ud835\udc2b \ud835\udfd0\ud835\udfce\ud835\udfd0\ud835\udfcf \u00e0 \ud835\udfd2\ud835\udfd1\ud835\udfce \ud835\udc14\ud835\udc12\ud835\udc03 \ud835\udc25\ud835\udc1a \ud835\udc2d\ud835\udc28\ud835\udc27\ud835\udc27\ud835\udc1e \ud835\udc26\ud835\udc1e\ud835\udc2d\ud835\udc2b\ud835\udc22\ud835\udc2a\ud835\udc2e\ud835\udc1e \u00e0 \ud835\udc1c\ud835\udc1e \ud835\udc23\ud835\udc28\ud835\udc2e\ud835\udc2b, soit une augmentation de pr\u00e8s de \ud835\udfd1\ud835\udfce%. Cette situation se r\u00e9percute sur les co\u00fbts de production industrielle de la farine.<\/p>\n<p>A la suite de multiples efforts consentis par l\u2019\u00c9tat et en concertation avec les industriels, les repr\u00e9sentants des boulangers et l\u2019Union des consommateurs de Guin\u00e9e, le prix du sac de farine sortie usine passera \u00e0 compter d\u2019aujourd\u2019hui de \ud835\udfd0\ud835\udfd7\ud835\udfce.\ud835\udfce\ud835\udfce\ud835\udfce\ud835\udc06\ud835\udc0d\ud835\udc05 \u00e0 \ud835\udfd1\ud835\udfd2\ud835\udfce.\ud835\udfce\ud835\udfce\ud835\udfce\ud835\udc06\ud835\udc0d\ud835\udc05, \ud835\udc2c\ud835\udc28\ud835\udc22\ud835\udc2d \ud835\udc2e\ud835\udc27\ud835\udc1e \ud835\udc1a\ud835\udc2e\ud835\udc20\ud835\udc26\ud835\udc1e\ud835\udc27\ud835\udc2d\ud835\udc1a\ud835\udc2d\ud835\udc22\ud835\udc28\ud835\udc27 \ud835\udc1d\ud835\udc1e \ud835\udfcf\ud835\udfd5% qui se traduit par une nouvelle tarification du pain au d\u00e9tail comme suit :<\/p>\n<p>\u2013 \ud835\udc25\ud835\udc1a \ud835\udc1b\ud835\udc1a\ud835\udc20\ud835\udc2e\ud835\udc1e\ud835\udc2d\ud835\udc2d\ud835\udc1e \ud835\udc1d\ud835\udc28\ud835\udc2e\ud835\udc1b\ud835\udc25\ud835\udc1e \ud835\udc29\ud835\udc1a\ud835\udc2c\ud835\udc2c\ud835\udc1e \ud835\udc1d\ud835\udc1e \ud835\udfd2 \ud835\udfce\ud835\udfce\ud835\udfce \ud835\udc06\ud835\udc0d\ud835\udc05 \u00e0 \ud835\udfd2 \ud835\udfd3\ud835\udfce\ud835\udfce \ud835\udc06\ud835\udc0d\ud835\udc05 ;<\/p>\n<p>\u2013 \ud835\udc25\ud835\udc1a \ud835\udc1b\ud835\udc1a\ud835\udc20\ud835\udc2e\ud835\udc1e\ud835\udc2d\ud835\udc2d\ud835\udc1e \ud835\udc2c\ud835\udc22\ud835\udc26\ud835\udc29\ud835\udc25\ud835\udc1e \ud835\udc29\ud835\udc1a\ud835\udc2c\ud835\udc2c\ud835\udc1e \ud835\udc1d\ud835\udc1e \ud835\udfd0 \ud835\udfce\ud835\udfce\ud835\udfce \ud835\udc06\ud835\udc0d\ud835\udc05 \u00e0 \ud835\udfd0 \ud835\udfd0\ud835\udfd3\ud835\udfce \ud835\udc06\ud835\udc0d\ud835\udc04 \ud835\udc2c\ud835\udc28\ud835\udc22\ud835\udc2d \ud835\udc2e\ud835\udc27\ud835\udc1e \ud835\udc1a\ud835\udc2e\ud835\udc20\ud835\udc26\ud835\udc1e\ud835\udc27\ud835\udc2d\ud835\udc1a\ud835\udc2d\ud835\udc22\ud835\udc28\ud835\udc27 \ud835\udc1d\ud835\udc1e \ud835\udfcf\ud835\udfd0,\ud835\udfd3%.<\/p>\n<p>Enfin, le Minist\u00e8re du commerce, de l\u2019industrie et des PME tient \u00e0 rassurer les consommateurs de la volont\u00e9 du gouvernement de veiller au bon approvisionnement des march\u00e9s ainsi qu\u2019\u00e0 la disponibilit\u00e9 de stocks suffisants en denr\u00e9es de premi\u00e8re n\u00e9cessit\u00e9 de qualit\u00e9, \u00e0 des co\u00fbts abordables.<\/p>\n<p>\ud835\udc02\ud835\udc28\ud835\udc27\ud835\udc1a\ud835\udc24\ud835\udc2b\ud835\udc32, \ud835\udc25\ud835\udc1e \ud835\udfce\ud835\udfd1 \ud835\udc1d\ud835\udc1e\ud835\udc1c\ud835\udc1e\ud835\udc26\ud835\udc1b\ud835\udc2b\ud835\udc1e \ud835\udfd0\ud835\udfce\ud835\udfd0\ud835\udfcf.<\/p>\n<p>\ud835\udc03\ud835\udc2b. \ud835\udc01\ud835\udc1e\ud835\udc2b\ud835\udc27\ud835\udc1a\ud835\udc2b\ud835\udc1d \ud835\udc06\ud835\udc28\ud835\udc26\ud835\udc28\ud835\udc2e,<\/p>\n<p>\ud835\udc0c\ud835\udc22\ud835\udc27\ud835\udc22\ud835\udc2c\ud835\udc2d\ud835\udc2b\ud835\udc1e \ud835\udc1d\ud835\udc2e \ud835\udc02\ud835\udc28\ud835\udc26\ud835\udc26\ud835\udc1e\ud835\udc2b\ud835\udc1c\ud835\udc1e, \ud835\udc1d\ud835\udc1e \ud835\udc25\u2019\ud835\udc08\ud835\udc27\ud835\udc1d\ud835\udc2e\ud835\udc2c\ud835\udc2d\ud835\udc2b\ud835\udc22\ud835\udc1e \ud835\udc1e\ud835\udc2d \ud835\udc1d\ud835\udc1e\ud835\udc2c \ud835\udc0f\ud835\udc1e\ud835\udc2d\ud835\udc22\ud835\udc2d\ud835\udc1e\ud835\udc2c \ud835\udc1e\ud835\udc2d \ud835\udc0c\ud835\udc28\ud835\udc32\ud835\udc1e\ud835\udc27\ud835\udc27\ud835\udc1e\ud835\udc2c \ud835\udc04\ud835\udc27\ud835\udc2d\ud835\udc2b\ud835\udc1e\ud835\udc29\ud835\udc2b\ud835\udc22\ud835\udc2c\ud835\udc1e\ud835\udc2c<\/p>\n<p>\ud835\udc13\ud835\udc2b\ud835\udc1a\ud835\udc27\ud835\udc2c\ud835\udc26\ud835\udc22\ud835\udc2c \ud835\udc29\ud835\udc1a\ud835\udc2b \ud835\udc25\ud835\udc1a \ud835\udc02\ud835\udc1e\ud835\udc25\ud835\udc25\ud835\udc2e\ud835\udc25\ud835\udc1e \ud835\udc1d\ud835\udc1e \ud835\udc02\ud835\udc28\ud835\udc26\ud835\udc26\ud835\udc2e\ud835\udc27\ud835\udc22\ud835\udc1c\ud835\udc1a\ud835\udc2d\ud835\udc22\ud835\udc28\ud835\udc27 \ud835\udc1d\ud835\udc2e \ud835\udc06\ud835\udc28\ud835\udc2e\ud835\udc2f\ud835\udc1e\ud835\udc2b\ud835\udc27\ud835\udc1e\ud835\udc26\ud835\udc1e\ud835\udc27\ud835\udc2d.<\/p>\n","protected":false},"excerpt":{"rendered":"<p>Dans un communiqu\u00e9, publi\u00e9 vendredi soir, le gouvernement guin\u00e9en a annonc\u00e9 l\u2019augmentation du prix de la farine et du pain sur le march\u00e9. Selon le communiqu\u00e9, cette augmentation est due \u00e0 la \u00a0flamb\u00e9e du prix du bl\u00e9 \u00e0 l\u2019international. Voici le communiqu\u00e9 du minist\u00e8re du commerce, de l\u2019industrie et des PME Le Minist\u00e8re du Commerce, [&hellip;]<\/p>\n","protected":false},"author":2,"featured_media":26468,"comment_status":"open","ping_status":"closed","sticky":false,"template":"","format":"standard","meta":{"buzzeditor_post_format":"","footnotes":""},"categories":[44],"tags":[],"class_list":["post-26505","post","type-post","status-publish","format-standard","has-post-thumbnail","hentry","category-economie"],"jetpack_featured_media_url":"https:\/\/guineechrono.com\/wp-content\/uploads\/2021\/12\/commerce.jpeg","amp_enabled":true,"_links":{"self":[{"href":"https:\/\/guineechrono.com\/index.php\/wp-json\/wp\/v2\/posts\/26505","targetHints":{"allow":["GET"]}}],"collection":[{"href":"https:\/\/guineechrono.com\/index.php\/wp-json\/wp\/v2\/posts"}],"about":[{"href":"https:\/\/guineechrono.com\/index.php\/wp-json\/wp\/v2\/types\/post"}],"author":[{"embeddable":true,"href":"https:\/\/guineechrono.com\/index.php\/wp-json\/wp\/v2\/users\/2"}],"replies":[{"embeddable":true,"href":"https:\/\/guineechrono.com\/index.php\/wp-json\/wp\/v2\/comments?post=26505"}],"version-history":[{"count":0,"href":"https:\/\/guineechrono.com\/index.php\/wp-json\/wp\/v2\/posts\/26505\/revisions"}],"wp:featuredmedia":[{"embeddable":true,"href":"https:\/\/guineechrono.com\/index.php\/wp-json\/wp\/v2\/media\/26468"}],"wp:attachment":[{"href":"https:\/\/guineechrono.com\/index.php\/wp-json\/wp\/v2\/media?parent=26505"}],"wp:term":[{"taxonomy":"category","embeddable":true,"href":"https:\/\/guineechrono.com\/index.php\/wp-json\/wp\/v2\/categories?post=26505"},{"taxonomy":"post_tag","embeddable":true,"href":"https:\/\/guineechrono.com\/index.php\/wp-json\/wp\/v2\/tags?post=26505"}],"curies":[{"name":"wp","href":"https:\/\/api.w.org\/{rel}","templated":true}]}}