{"id":2657,"date":"2018-10-16T14:31:44","date_gmt":"2018-10-16T13:31:44","guid":{"rendered":"http:\/\/guineechrono.com\/?p=2657"},"modified":"2018-12-17T14:36:44","modified_gmt":"2018-12-17T13:36:44","slug":"guinee-un-jeune-militant-activement-recherche-par-les-forces-de-lordre","status":"publish","type":"post","link":"https:\/\/guineechrono.com\/index.php\/guinee-un-jeune-militant-activement-recherche-par-les-forces-de-lordre\/","title":{"rendered":"Guin\u00e9e : Un jeune militant activement recherch\u00e9 par les forces de l\u2019ordre"},"content":{"rendered":"<p>Les manifestations politiques en Guin\u00e9e poussent plusieurs jeunes en exil forc\u00e9 vers l\u2019occident. C\u2019est le cas de ce jeune nomm\u00e9 Barry Aliou p\u00e8re de deux (2) enfants et militant de l\u2019Union des Forces D\u00e9mocratiques de Guin\u00e9e(UFDG), principal parti de l\u2019opposition. Ce<br \/>\njeune engag\u00e9 a quitt\u00e9 le pays a cause des violences politiques qu\u2019il a subi pendant les manifestations politiques organis\u00e9es par l\u2019opposition Guin\u00e9enne. Contact\u00e9\u00a0 par notre r\u00e9daction depuis la France, Barry Aliou revient sur la p\u00e9rip\u00e9tie de son exil forc\u00e9.<br \/>\nT\u00e9moignage!<br \/>\n\u00ab Je me suis engag\u00e9 en politique au sein de l\u2019UFDG le 1er novembre 2015, au comit\u00e9 secteur1 Hamdalaye afin de participer activement \u00e0 l\u2019instauration d\u2019une vraie d\u00e9mocratie en Guin\u00e9e, redonn\u00e9 du souffle au\u00a0peuple de Guin\u00e9e. J\u2019\u00e9tais tr\u00e8s actif, disponible \u00e0 servir\u00a0 les<br \/>\nmilitants du\u00a0 parti.<br \/>\nA l\u2019annonce de la manifestation politique du 16 aout 2016, j\u2019ai particip\u00e9 activement \u00e0 travers une campagne de sensibilisation et de mobilisation des militants. J\u2019ai incit\u00e9 les gens \u00e0 r\u00e9pondre \u00e0 l\u2019appelle de l\u2019opposition r\u00e9publicaine pour d\u00e9noncer la mal gouvernance. Pendant que nous revenions \u00e0 la dite manifestation, les gendarmes nous ont intercept\u00e9 sur la route le prince pr\u00e9cis\u00e9ment \u00e0 Bambeto. Ils ont largu\u00e9 de gaz de lacrymog\u00e8ne sur\u00a0 nous. Face \u00e0 notre<br \/>\nr\u00e9sistance, ils ont tir\u00e9 \u00e0 bout portant et \u00e0 balle r\u00e9elle sur les manifestants. O\u00f9 il y a deux morts\u00a0 et des\u00a0 bless\u00e9s graves. J\u2019ai eu peur, j\u2019ai tent\u00e9 de m\u2019\u00e9chapper\u00a0 quand un des gendarmes m\u2019a poursuivit. J\u2019ai couru et il m\u2019a tir\u00e9 \u00e0 gaz lacrymog\u00e8ne, je suis tomb\u00e9 et bless\u00e9<br \/>\nsur les deux jambes. Il m\u2019a trouv\u00e9 l\u00e0 o\u00f9 j\u2019\u00e9tais couch\u00e9, il m\u2019a bastonn\u00e9, ligot\u00e9 et amen\u00e9 \u00e0 la gendarmerie de cosa o\u00f9 j\u2019ai pass\u00e9 21 jours dans des conditions inhumaines et atroces. Les gardes m\u2019accusaient\u00a0 \u00e0 tort d\u2019atteindre \u00e0 la suret\u00e9 de l\u2019Etat. Je suis qualifi\u00e9 le rebelle de ma\u00a0 communaut\u00e9. A cause de mon visage enfl\u00e9 en prison\u00a0 j\u2019ai \u00e9t\u00e9 lib\u00e9r\u00e9 apr\u00e8s que mon parti et mon papa ont pay\u00e9 un pot de vain \u00e0 condition d\u2019arr\u00eater toutes activit\u00e9s politiques. Apr\u00e8s<br \/>\nmon traitement\u00a0 j\u2019ai renou\u00e9 \u00e0 mes engagements politiques pour d\u00e9fendre<br \/>\nles int\u00e9r\u00eats des citoyens de mon pays.<br \/>\nLors du congr\u00e8s\u00a0 du 02 avril 2017, je suis \u00e9lu secr\u00e9taire\u00a0 \u00e0 l\u2019organisation et l\u2019implantation de notre comit\u00e9 de base. Pour pr\u00e9parer\u00a0 une manifestation pr\u00e9vue le 04 octobre 2017 appel\u00e9 par l\u2019opposition pour exiger la tenue des \u00e9lections locales,\u00a0 j\u2019ai organis\u00e9\u00a0 un meeting politique le 03 octobre 2017 en vue de mobiliser les militants et sympathisants \u00e0 r\u00e9pondre \u00e0 l\u2019appel de l\u2019opposition. Le chef quartier et les militants de RPG parti au pouvoir jaloux du succ\u00e8s\u00a0 de notre \u00e9v\u00e9nement, m\u2019ont d\u00e9nonc\u00e9 \u00e0 la gendarmerie. Les forces de l\u2019ordre ne m\u2019ont laiss\u00e9 aucune chance. J\u2019ai \u00e9t\u00e9 brutalement\u00a0 arr\u00eat\u00e9 par des gendarmes \u00e0 mon domicile, injuri\u00e9 de tous les noms d\u2019oiseaux, bastonn\u00e9 \u00e0 coup de matraque. Je suis conduit en prison \u00e0 la<br \/>\ngendarmerie de Hamdalaye.<\/p>\n<p>Apres quelques jours de d\u00e9tention\u00a0 je fus transf\u00e9r\u00e9 \u00e0 la maison centrale de Conakry o\u00f9 les gardes ont \u00e9t\u00e9 tr\u00e8s violents envers moi. Ils m\u2019ont retenu en prison jusqu\u2019au 04 f\u00e9vrier 2018 jours o\u00f9 je me suis \u00e9vad\u00e9\u00a0 de prison. Ma famille a pu n\u00e9gocier mon \u00e9vasion via un agent\u00a0 p\u00e9nitencier moyennant une grosse somme et ma fuite du pays\u00a0 le 07\u00a0 novembre 2018 pour \u00e9viter de mourir en prison. Je suis\u00a0 arriv\u00e9 \u00e0 Bamako\u00a0 o\u00f9 j\u2019ai re\u00e7u des soins\u00a0 traditionnels\u00a0 pour pouvoir continuer mon exil forc\u00e9.\u00a0 Je suis rentr\u00e9 en France le 03 avril 2018, pour moi je me sens en s\u00e9curit\u00e9 et ma vie n\u2019est plus en danger ici \u00bb.<\/p>\n","protected":false},"excerpt":{"rendered":"<p>Les manifestations politiques en Guin\u00e9e poussent plusieurs jeunes en exil forc\u00e9 vers l\u2019occident. C\u2019est le cas de ce jeune nomm\u00e9 Barry Aliou p\u00e8re de deux (2) enfants et militant de l\u2019Union des Forces D\u00e9mocratiques de Guin\u00e9e(UFDG), principal parti de l\u2019opposition. Ce jeune engag\u00e9 a quitt\u00e9 le pays a cause des violences politiques qu\u2019il a subi [&hellip;]<\/p>\n","protected":false},"author":2,"featured_media":2658,"comment_status":"open","ping_status":"closed","sticky":false,"template":"","format":"standard","meta":{"buzzeditor_post_format":"","footnotes":""},"categories":[1],"tags":[],"class_list":["post-2657","post","type-post","status-publish","format-standard","has-post-thumbnail","hentry","category-non-classe"],"jetpack_featured_media_url":"https:\/\/guineechrono.com\/wp-content\/uploads\/2018\/12\/topic.jpg","amp_enabled":true,"_links":{"self":[{"href":"https:\/\/guineechrono.com\/index.php\/wp-json\/wp\/v2\/posts\/2657","targetHints":{"allow":["GET"]}}],"collection":[{"href":"https:\/\/guineechrono.com\/index.php\/wp-json\/wp\/v2\/posts"}],"about":[{"href":"https:\/\/guineechrono.com\/index.php\/wp-json\/wp\/v2\/types\/post"}],"author":[{"embeddable":true,"href":"https:\/\/guineechrono.com\/index.php\/wp-json\/wp\/v2\/users\/2"}],"replies":[{"embeddable":true,"href":"https:\/\/guineechrono.com\/index.php\/wp-json\/wp\/v2\/comments?post=2657"}],"version-history":[{"count":0,"href":"https:\/\/guineechrono.com\/index.php\/wp-json\/wp\/v2\/posts\/2657\/revisions"}],"wp:featuredmedia":[{"embeddable":true,"href":"https:\/\/guineechrono.com\/index.php\/wp-json\/wp\/v2\/media\/2658"}],"wp:attachment":[{"href":"https:\/\/guineechrono.com\/index.php\/wp-json\/wp\/v2\/media?parent=2657"}],"wp:term":[{"taxonomy":"category","embeddable":true,"href":"https:\/\/guineechrono.com\/index.php\/wp-json\/wp\/v2\/categories?post=2657"},{"taxonomy":"post_tag","embeddable":true,"href":"https:\/\/guineechrono.com\/index.php\/wp-json\/wp\/v2\/tags?post=2657"}],"curies":[{"name":"wp","href":"https:\/\/api.w.org\/{rel}","templated":true}]}}