{"id":26609,"date":"2021-12-11T19:31:30","date_gmt":"2021-12-11T18:31:30","guid":{"rendered":"https:\/\/guineechrono.com\/?p=26609"},"modified":"2021-12-11T19:31:30","modified_gmt":"2021-12-11T18:31:30","slug":"cameroun-samuel-etoo-elu-president-de-la-fecafoot","status":"publish","type":"post","link":"https:\/\/guineechrono.com\/index.php\/cameroun-samuel-etoo-elu-president-de-la-fecafoot\/","title":{"rendered":"Cameroun : Samuel Eto\u2019o \u00e9lu pr\u00e9sident de la Fecafoot"},"content":{"rendered":"<p>L\u2019ancien international a \u00e9t\u00e9 \u00e9lu pr\u00e9sident de la F\u00e9d\u00e9ration camerounaise de football, ce samedi, au terme d\u2019une campagne riche en rebondissements.<\/p>\n<p>L\u2019annonce a \u00e9t\u00e9 salu\u00e9e par une explosion de joie dans les rues de Yaound\u00e9. La l\u00e9gende vivante du football camerounais,\u00a0<a href=\"https:\/\/www.jeuneafrique.com\/1151287\/societe\/rencontre-avec-samuel-etoo-je-suis-un-soldat-africain\/\">Samuel Eto\u2019o, 40 ans<\/a>, a \u00e9t\u00e9 \u00e9lu \u00e0 la t\u00eate de la F\u00e9d\u00e9ration camerounaise de football pour un mandat de quatre ans.<\/p>\n<p>Il a obtenu 43 voix, contre 31 pour son principal adversaire, le pr\u00e9sident int\u00e9rimaire sortant de l\u2019instance, Seidou Mbombo Njoya, qui briguait un nouveau mandat.<\/p>\n<p>Dans la campagne qui vient de s\u2019achever, l\u2019ex-capitaine des Lions indomptables \u2013 que certains soup\u00e7onnent de caresser des ambitions politiques dans son pays \u2013\u00a0<a href=\"https:\/\/www.jeuneafrique.com\/1271572\/politique\/cameroun-sur-qui-sappuie-samuel-etoo-pour-prendre-la-tete-de-la-federation-de-football\/\">b\u00e9n\u00e9ficiait de nombreux appuis<\/a>.<\/p>\n<p>Avec Jeuneafrique<\/p>\n","protected":false},"excerpt":{"rendered":"<p>L\u2019ancien international a \u00e9t\u00e9 \u00e9lu pr\u00e9sident de la F\u00e9d\u00e9ration camerounaise de football, ce samedi, au terme d\u2019une campagne riche en rebondissements. L\u2019annonce a \u00e9t\u00e9 salu\u00e9e par une explosion de joie dans les rues de Yaound\u00e9. La l\u00e9gende vivante du football camerounais,\u00a0Samuel Eto\u2019o, 40 ans, a \u00e9t\u00e9 \u00e9lu \u00e0 la t\u00eate de la F\u00e9d\u00e9ration camerounaise de [&hellip;]<\/p>\n","protected":false},"author":2,"featured_media":26610,"comment_status":"open","ping_status":"closed","sticky":false,"template":"","format":"standard","meta":{"buzzeditor_post_format":"","footnotes":""},"categories":[45],"tags":[],"class_list":["post-26609","post","type-post","status-publish","format-standard","has-post-thumbnail","hentry","category-sport"],"jetpack_featured_media_url":"https:\/\/guineechrono.com\/wp-content\/uploads\/2021\/12\/eto.jpg","amp_enabled":true,"_links":{"self":[{"href":"https:\/\/guineechrono.com\/index.php\/wp-json\/wp\/v2\/posts\/26609","targetHints":{"allow":["GET"]}}],"collection":[{"href":"https:\/\/guineechrono.com\/index.php\/wp-json\/wp\/v2\/posts"}],"about":[{"href":"https:\/\/guineechrono.com\/index.php\/wp-json\/wp\/v2\/types\/post"}],"author":[{"embeddable":true,"href":"https:\/\/guineechrono.com\/index.php\/wp-json\/wp\/v2\/users\/2"}],"replies":[{"embeddable":true,"href":"https:\/\/guineechrono.com\/index.php\/wp-json\/wp\/v2\/comments?post=26609"}],"version-history":[{"count":0,"href":"https:\/\/guineechrono.com\/index.php\/wp-json\/wp\/v2\/posts\/26609\/revisions"}],"wp:featuredmedia":[{"embeddable":true,"href":"https:\/\/guineechrono.com\/index.php\/wp-json\/wp\/v2\/media\/26610"}],"wp:attachment":[{"href":"https:\/\/guineechrono.com\/index.php\/wp-json\/wp\/v2\/media?parent=26609"}],"wp:term":[{"taxonomy":"category","embeddable":true,"href":"https:\/\/guineechrono.com\/index.php\/wp-json\/wp\/v2\/categories?post=26609"},{"taxonomy":"post_tag","embeddable":true,"href":"https:\/\/guineechrono.com\/index.php\/wp-json\/wp\/v2\/tags?post=26609"}],"curies":[{"name":"wp","href":"https:\/\/api.w.org\/{rel}","templated":true}]}}