{"id":26641,"date":"2021-12-14T16:56:56","date_gmt":"2021-12-14T15:56:56","guid":{"rendered":"https:\/\/guineechrono.com\/?p=26641"},"modified":"2021-12-14T16:56:56","modified_gmt":"2021-12-14T15:56:56","slug":"detournement-de-fonds-publics-le-president-de-la-hac-reagit-a-laccusation-sur-lui-declaration","status":"publish","type":"post","link":"https:\/\/guineechrono.com\/index.php\/detournement-de-fonds-publics-le-president-de-la-hac-reagit-a-laccusation-sur-lui-declaration\/","title":{"rendered":"D\u00e9tournement de fonds publics : le pr\u00e9sident de la HAC r\u00e9agit \u00e0 l\u2019accusation sur lui (D\u00e9claration)"},"content":{"rendered":"<p>Cit\u00e9 \u00a0dans une affaire de d\u00e9tournement de fonds publics, le pr\u00e9sident de la HAC (Haute Autorit\u00e9 de la Communication) a r\u00e9agi.<\/p>\n<p><strong>Lisez\u2026.<\/strong><\/p>\n<p>\u00ab J\u2019ai \u00e9t\u00e9 surpris d\u2019apprendre hier \u00e0 la t\u00e9l\u00e9vision nationale que je suis accus\u00e9 de d\u00e9tournement de fonds publics de l\u2019\u00c9tat, apr\u00e8s le 5 septembre 2021.<\/p>\n<p>L\u2019agent judiciaire de l\u2019\u00c9tat a effectivement pris contact avec moi afin que je justifie un montant de 47.630.000 GNF. Je me suis rendu personnellement \u00e0 son Agence et j\u2019ai fourni tous les documents sollicit\u00e9s.<\/p>\n<p>Le montant dont il est question a servi \u00e0 couvrir des besoins imm\u00e9diats de la HAC entre le 29 septembre et le 19 octobre 2021.<\/p>\n<p>Je trouve qu\u2019il n\u2019est pas \u00e9l\u00e9gant d\u2019apprendre \u00e0 la t\u00e9l\u00e9vision nationale que l\u2019on fait l\u2019objet d\u2019une accusation de cette nature.<\/p>\n<p>Je d\u00e9fends les d\u00e9penses effectu\u00e9es et je suis dispos\u00e9 \u00e0 r\u00e9pondre \u00e0 la justice \u00bb, a d\u00e9clar\u00e9 Yacine Diallo, pr\u00e9sident de la HAC.<\/p>\n","protected":false},"excerpt":{"rendered":"<p>Cit\u00e9 \u00a0dans une affaire de d\u00e9tournement de fonds publics, le pr\u00e9sident de la HAC (Haute Autorit\u00e9 de la Communication) a r\u00e9agi. Lisez\u2026. \u00ab J\u2019ai \u00e9t\u00e9 surpris d\u2019apprendre hier \u00e0 la t\u00e9l\u00e9vision nationale que je suis accus\u00e9 de d\u00e9tournement de fonds publics de l\u2019\u00c9tat, apr\u00e8s le 5 septembre 2021. L\u2019agent judiciaire de l\u2019\u00c9tat a effectivement pris [&hellip;]<\/p>\n","protected":false},"author":2,"featured_media":26642,"comment_status":"open","ping_status":"closed","sticky":false,"template":"","format":"standard","meta":{"buzzeditor_post_format":"","footnotes":""},"categories":[42],"tags":[],"class_list":["post-26641","post","type-post","status-publish","format-standard","has-post-thumbnail","hentry","category-news"],"jetpack_featured_media_url":"https:\/\/guineechrono.com\/wp-content\/uploads\/2021\/12\/yacine.jpg","amp_enabled":true,"_links":{"self":[{"href":"https:\/\/guineechrono.com\/index.php\/wp-json\/wp\/v2\/posts\/26641","targetHints":{"allow":["GET"]}}],"collection":[{"href":"https:\/\/guineechrono.com\/index.php\/wp-json\/wp\/v2\/posts"}],"about":[{"href":"https:\/\/guineechrono.com\/index.php\/wp-json\/wp\/v2\/types\/post"}],"author":[{"embeddable":true,"href":"https:\/\/guineechrono.com\/index.php\/wp-json\/wp\/v2\/users\/2"}],"replies":[{"embeddable":true,"href":"https:\/\/guineechrono.com\/index.php\/wp-json\/wp\/v2\/comments?post=26641"}],"version-history":[{"count":0,"href":"https:\/\/guineechrono.com\/index.php\/wp-json\/wp\/v2\/posts\/26641\/revisions"}],"wp:featuredmedia":[{"embeddable":true,"href":"https:\/\/guineechrono.com\/index.php\/wp-json\/wp\/v2\/media\/26642"}],"wp:attachment":[{"href":"https:\/\/guineechrono.com\/index.php\/wp-json\/wp\/v2\/media?parent=26641"}],"wp:term":[{"taxonomy":"category","embeddable":true,"href":"https:\/\/guineechrono.com\/index.php\/wp-json\/wp\/v2\/categories?post=26641"},{"taxonomy":"post_tag","embeddable":true,"href":"https:\/\/guineechrono.com\/index.php\/wp-json\/wp\/v2\/tags?post=26641"}],"curies":[{"name":"wp","href":"https:\/\/api.w.org\/{rel}","templated":true}]}}