{"id":26649,"date":"2021-12-13T14:01:18","date_gmt":"2021-12-13T13:01:18","guid":{"rendered":"https:\/\/guineechrono.com\/?p=26649"},"modified":"2021-12-15T14:21:50","modified_gmt":"2021-12-15T13:21:50","slug":"conakry-le-president-du-mouvement-alliance-pour-la-democratie-m-a-d-se-concerte-avec-la-presse-nationale","status":"publish","type":"post","link":"https:\/\/guineechrono.com\/index.php\/conakry-le-president-du-mouvement-alliance-pour-la-democratie-m-a-d-se-concerte-avec-la-presse-nationale\/","title":{"rendered":"Conakry: le pr\u00e9sident du mouvement alliance pour la d\u00e9mocratie (M.A.D) se concerte avec la presse nationale"},"content":{"rendered":"<p><strong>Apr\u00e8s trois mois d\u2019activit\u00e9 sur le terrain, le mouvement alliance pour la d\u00e9mocratie (M.A.D) a rencontr\u00e9 le dimanche 12 d\u00e9cembre 2021 la presse nationale \u00e0 Cosa dans la commune de Ratoma. <\/strong><\/p>\n<p>Selon le pr\u00e9sident, Alpha Bald\u00e9, l\u2019objectif \u00e9tait de f\u00e9liciter et exprimer leur reconnaissance \u00e0 l\u2019endroit de la presse pour l\u2019accompagnement du jeune parti qui vient \u00e0 peine trois mois de lancer officiellement ses activit\u00e9s sur toute l\u2019\u00e9tendue du territoire national. La rencontre a mobilis\u00e9 les cadres du bureau politique national, les militants et sympathisants dudit Parti.<\/p>\n<p><a href=\"https:\/\/guineechrono.com\/wp-content\/uploads\/2021\/12\/MAD-1.jpg\"><img fetchpriority=\"high\" decoding=\"async\" class=\"aligncenter size-medium wp-image-26651\" src=\"https:\/\/guineechrono.com\/wp-content\/uploads\/2021\/12\/MAD-1-300x199.jpg\" alt=\"\" width=\"300\" height=\"199\" srcset=\"https:\/\/guineechrono.com\/wp-content\/uploads\/2021\/12\/MAD-1-300x199.jpg 300w, https:\/\/guineechrono.com\/wp-content\/uploads\/2021\/12\/MAD-1.jpg 552w\" sizes=\"(max-width: 300px) 100vw, 300px\" \/><\/a>Dans sa communication, le pr\u00e9sident du M.A.D se dit satisfait du trois mois de travail sur le terrain. \u00a0\u00ab\u00a0C\u2019est une rencontre de reconnaissance pour nous exprimer la satisfaction totale qui est la n\u00f4tre par rapport \u00e0 tout accompagnement et toute l\u2019attention dont nous avons b\u00e9n\u00e9fici\u00e9 ces trois derniers mois. Il n\u2019y a que trois mois que r\u00e9ellement notre parti politique a commenc\u00e9 \u00e0 mettre en activit\u00e9 notre vision, notre mission et notre ambition. Nous comprenons \u00e0 juste titre les sacrifices et tous les efforts qui entrent dans le cadre de l\u2019exercice de la fonction d\u2019un journaliste. Vous \u00eates confront\u00e9s \u00e0 plusieurs d\u00e9fis quand il s\u2019agit d\u2019informer, de former et de transformer l\u2019opinion publique, ce n\u2019est pas une t\u00e2che facile\u00bb, dit-il.<\/p>\n<p><a href=\"https:\/\/guineechrono.com\/wp-content\/uploads\/2021\/12\/MAD-2.jpg\"><img decoding=\"async\" class=\"aligncenter size-medium wp-image-26652\" src=\"https:\/\/guineechrono.com\/wp-content\/uploads\/2021\/12\/MAD-2-300x200.jpg\" alt=\"\" width=\"300\" height=\"200\" srcset=\"https:\/\/guineechrono.com\/wp-content\/uploads\/2021\/12\/MAD-2-300x200.jpg 300w, https:\/\/guineechrono.com\/wp-content\/uploads\/2021\/12\/MAD-2.jpg 552w\" sizes=\"(max-width: 300px) 100vw, 300px\" \/><\/a>Selon lui, la communication c\u2019est le sang qui circule dans le corps de toute relation, c\u2019est le sang qui coule dans le corps de toute nation. \u00ab\u00a0Partout o\u00f9 il y a probl\u00e8me, vous pouvez \u00eatre s\u00fbr quelque part il y a eu vice communication, soit la communication a \u00e9t\u00e9 d\u00e9form\u00e9e, ou soit elle n\u2019a pas \u00e9t\u00e9 transmise fid\u00e8lement. C\u2019est pour dire que le M.A.D appr\u00e9cie ce que vous \u00eates en train de faire, alors aujourd\u2019hui nous tournons les projecteurs vers vous\u00a0\u00bb, ajoute-t-il.<\/p>\n<p>Il faut rappeler que la rencontre a connu une forte mobilisation des militants et sympathisants du parti MAD.<\/p>\n<p><strong>Aboubacar P Camara <\/strong><\/p>\n","protected":false},"excerpt":{"rendered":"<p>Apr\u00e8s trois mois d\u2019activit\u00e9 sur le terrain, le mouvement alliance pour la d\u00e9mocratie (M.A.D) a rencontr\u00e9 le dimanche 12 d\u00e9cembre 2021 la presse nationale \u00e0 Cosa dans la commune de Ratoma. Selon le pr\u00e9sident, Alpha Bald\u00e9, l\u2019objectif \u00e9tait de f\u00e9liciter et exprimer leur reconnaissance \u00e0 l\u2019endroit de la presse pour l\u2019accompagnement du jeune parti qui [&hellip;]<\/p>\n","protected":false},"author":2,"featured_media":26650,"comment_status":"open","ping_status":"closed","sticky":false,"template":"","format":"standard","meta":{"buzzeditor_post_format":"","footnotes":""},"categories":[43],"tags":[],"class_list":["post-26649","post","type-post","status-publish","format-standard","has-post-thumbnail","hentry","category-politique"],"jetpack_featured_media_url":"https:\/\/guineechrono.com\/wp-content\/uploads\/2021\/12\/MAD.jpg","amp_enabled":true,"_links":{"self":[{"href":"https:\/\/guineechrono.com\/index.php\/wp-json\/wp\/v2\/posts\/26649","targetHints":{"allow":["GET"]}}],"collection":[{"href":"https:\/\/guineechrono.com\/index.php\/wp-json\/wp\/v2\/posts"}],"about":[{"href":"https:\/\/guineechrono.com\/index.php\/wp-json\/wp\/v2\/types\/post"}],"author":[{"embeddable":true,"href":"https:\/\/guineechrono.com\/index.php\/wp-json\/wp\/v2\/users\/2"}],"replies":[{"embeddable":true,"href":"https:\/\/guineechrono.com\/index.php\/wp-json\/wp\/v2\/comments?post=26649"}],"version-history":[{"count":0,"href":"https:\/\/guineechrono.com\/index.php\/wp-json\/wp\/v2\/posts\/26649\/revisions"}],"wp:featuredmedia":[{"embeddable":true,"href":"https:\/\/guineechrono.com\/index.php\/wp-json\/wp\/v2\/media\/26650"}],"wp:attachment":[{"href":"https:\/\/guineechrono.com\/index.php\/wp-json\/wp\/v2\/media?parent=26649"}],"wp:term":[{"taxonomy":"category","embeddable":true,"href":"https:\/\/guineechrono.com\/index.php\/wp-json\/wp\/v2\/categories?post=26649"},{"taxonomy":"post_tag","embeddable":true,"href":"https:\/\/guineechrono.com\/index.php\/wp-json\/wp\/v2\/tags?post=26649"}],"curies":[{"name":"wp","href":"https:\/\/api.w.org\/{rel}","templated":true}]}}